{"id":2194,"date":"2019-04-02T10:17:15","date_gmt":"2019-04-02T09:17:15","guid":{"rendered":"http:\/\/francophone.port.ac.uk\/?p=2194"},"modified":"2019-04-02T10:17:19","modified_gmt":"2019-04-02T09:17:19","slug":"pourquoi-les-tensions-en-algerie-inquietent-particulierement-la-france","status":"publish","type":"post","link":"https:\/\/francophone.port.ac.uk\/?p=2194","title":{"rendered":"Pourquoi les tensions en Alg\u00e9rie inqui\u00e8tent particuli\u00e8rement la France"},"content":{"rendered":"\n<p><strong>L&#8217;annonce du retrait d&#8217;Abdelaziz Bouteflika avant la fin de son \u00e9ventuel prochain mandat n&#8217;apaise pas la contestation. La France est particuli\u00e8rement inqui\u00e8te.<\/strong><\/p>\n\n\n\n<p> Les manifestations n&#8217;y ont rien chang\u00e9. Malgr\u00e9 ses 82 ans, dont vingt \u00e0 la t\u00eate de l&#8217;Alg\u00e9rie, et sa sant\u00e9 chancelante, en raison d&#8217;un AVC survenu en 2013, le pr\u00e9sident Abdelaziz Bouteflika a officialis\u00e9 sa candidature \u00e0 un cinqui\u00e8me mandat, le 3 mars. Son directeur l&#8217;a d\u00e9pos\u00e9e \u00e0 sa place, car le chef de l&#8217;Etat ne se d\u00e9place plus que pour se faire soigner dans un h\u00f4pital de Gen\u00e8ve, o\u00f9 il se trouve actuellement. Bouteflika promet, s&#8217;il est r\u00e9\u00e9lu le 18 avril, de se retirer avant la fin du mandat et d&#8217;organiser une \u00e9lection pr\u00e9sidentielle anticip\u00e9e, dont la date serait fix\u00e9e \u00e0 l&#8217;issue d&#8217;une &#8221; conf\u00e9rence nationale &#8220;. <\/p>\n\n\n\n<h2 class=\"wp-block-heading\">Facteur de fragilit\u00e9<\/h2>\n\n\n\n<p>Les forces obscures qui tiennent le pouvoir \u00e0 Alger ont donc d\u00e9cid\u00e9 de braver la contestation populaire, d&#8217;une ampleur in\u00e9dite. Quitte \u00e0 mettre le pays en danger. Le camp pr\u00e9sidentiel agite le spectre de la d\u00e9cennie noire de la guerre civile (1992-2002), voire celui du conflit syrien. Mais l&#8217;argument de la stabilit\u00e9, qui avait d\u00e9j\u00e0 servi lors de l&#8217;\u00e9lection pr\u00e9sidentielle de 2014, ne tient plus : cette \u00e9ni\u00e8me candidature d&#8217;un pr\u00e9sident malade devenu fant\u00f4me est d\u00e9sormais, en soi, un facteur de fragilit\u00e9. La situation est \u00e0 ce point explosive, \u00e0 l&#8217;approche du scrutin du 18 avril, que Xavier Driencourt, l&#8217;ambassadeur de France \u00e0 Alger, a \u00e9t\u00e9 appel\u00e9 au Quai d&#8217;Orsay, le 27 f\u00e9vrier dernier, afin d&#8217;en rendre compte au ministre des Affaires \u00e9trang\u00e8res, Jean-Yves Le Drian. Comme toujours avec son ancienne colonie, Paris s&#8217;inqui\u00e8te mais se montre d&#8217;une grande prudence, de peur d&#8217;\u00eatre accus\u00e9 d&#8217;ing\u00e9rence. &#8221; C&#8217;est au peuple alg\u00e9rien et \u00e0 lui seul qu&#8217;il revient de choisir ses dirigeants, de d\u00e9cider de son avenir &#8220;, a d\u00e9clar\u00e9 Benjamin Griveaux, le porte-parole du gouvernement.<\/p>\n\n\n\n<p>Read more on <a href=\"https:\/\/www.levif.be\/actualite\/international\/pourquoi-les-tensions-en-algerie-inquietent-particulierement-la-france\/article-normal-1102365.html?cookie_check=1551976872\"><strong>LEVIF<\/strong><\/a><\/p>\n","protected":false},"excerpt":{"rendered":"<p>L&#8217;annonce du retrait d&#8217;Abdelaziz Bouteflika avant la fin de son \u00e9ventuel prochain mandat n&#8217;apaise pas la contestation. La France est particuli\u00e8rement inqui\u00e8te. Les manifestations n&#8217;y ont rien chang\u00e9. Malgr\u00e9 ses 82 ans, dont vingt \u00e0 la t\u00eate de l&#8217;Alg\u00e9rie, et &hellip; <a href=\"https:\/\/francophone.port.ac.uk\/?p=2194\">Continue reading <span class=\"meta-nav\">&rarr;<\/span><\/a><\/p>\n","protected":false},"author":9,"featured_media":0,"comment_status":"open","ping_status":"open","sticky":false,"template":"","format":"standard","meta":{"jetpack_post_was_ever_published":false,"_jetpack_newsletter_access":"","_jetpack_dont_email_post_to_subs":false,"_jetpack_newsletter_tier_id":0,"_jetpack_memberships_contains_paywalled_content":false,"_jetpack_memberships_contains_paid_content":false,"footnotes":""},"categories":[1],"tags":[58,27,737,252,545],"class_list":["post-2194","post","type-post","status-publish","format-standard","hentry","category-uncategorised","tag-africa","tag-algeria","tag-bouteflika","tag-france","tag-presidential-elections"],"jetpack_featured_media_url":"","jetpack_sharing_enabled":true,"_links":{"self":[{"href":"https:\/\/francophone.port.ac.uk\/index.php?rest_route=\/wp\/v2\/posts\/2194","targetHints":{"allow":["GET"]}}],"collection":[{"href":"https:\/\/francophone.port.ac.uk\/index.php?rest_route=\/wp\/v2\/posts"}],"about":[{"href":"https:\/\/francophone.port.ac.uk\/index.php?rest_route=\/wp\/v2\/types\/post"}],"author":[{"embeddable":true,"href":"https:\/\/francophone.port.ac.uk\/index.php?rest_route=\/wp\/v2\/users\/9"}],"replies":[{"embeddable":true,"href":"https:\/\/francophone.port.ac.uk\/index.php?rest_route=%2Fwp%2Fv2%2Fcomments&post=2194"}],"version-history":[{"count":1,"href":"https:\/\/francophone.port.ac.uk\/index.php?rest_route=\/wp\/v2\/posts\/2194\/revisions"}],"predecessor-version":[{"id":2195,"href":"https:\/\/francophone.port.ac.uk\/index.php?rest_route=\/wp\/v2\/posts\/2194\/revisions\/2195"}],"wp:attachment":[{"href":"https:\/\/francophone.port.ac.uk\/index.php?rest_route=%2Fwp%2Fv2%2Fmedia&parent=2194"}],"wp:term":[{"taxonomy":"category","embeddable":true,"href":"https:\/\/francophone.port.ac.uk\/index.php?rest_route=%2Fwp%2Fv2%2Fcategories&post=2194"},{"taxonomy":"post_tag","embeddable":true,"href":"https:\/\/francophone.port.ac.uk\/index.php?rest_route=%2Fwp%2Fv2%2Ftags&post=2194"}],"curies":[{"name":"wp","href":"https:\/\/api.w.org\/{rel}","templated":true}]}}