{"id":2201,"date":"2019-04-08T09:53:28","date_gmt":"2019-04-08T08:53:28","guid":{"rendered":"http:\/\/francophone.port.ac.uk\/?p=2201"},"modified":"2019-04-08T09:53:33","modified_gmt":"2019-04-08T08:53:33","slug":"algerie-2019-une-crise-majeure","status":"publish","type":"post","link":"https:\/\/francophone.port.ac.uk\/?p=2201","title":{"rendered":"Alg\u00e9rie 2019 : une crise majeure"},"content":{"rendered":"\n<p>Le Pr\u00e9sident alg\u00e9rien Abdelaziz Bouteflika a rendu publique sa \u00ab&nbsp;d\u00e9mission&nbsp;\u00bb le 2 avril 2019, en r\u00e9ponse \u00e0 une sommation du chef de l\u2019arm\u00e9e lui enjoignant de mettre en \u0153uvre imm\u00e9diatement les dispositions de l\u2019article 102 de la Constitution qui pr\u00e9voit \u00ab&nbsp;l\u2019emp\u00eachement&nbsp;\u00bb pour raison de sant\u00e9. Quelques semaines plus t\u00f4t, M.&nbsp;Bouteflika \u00e9tait pourtant candidat \u00e0 un cinqui\u00e8me mandat. Cette perspective a cependant provoqu\u00e9 une crise politique majeure dont les racines sont anciennes. Comment penser les facteurs structurels et les \u00e9v\u00e8nements conjoncturels&nbsp;? Nadji Safir apporte ici de pr\u00e9cieuses cl\u00e9s de lecture. Il pr\u00e9sente successivement les faits les plus r\u00e9cents, le contexte d\u2019un mod\u00e8le bi-rentier (politique et \u00e9nerg\u00e9tique) entr\u00e9 en crise et le r\u00f4le de la jeunesse.<\/p>\n\n\n\n<p><strong>L<\/strong>ES grandes manifestations populaires dirig\u00e9es contre le projet d\u2019un cinqui\u00e8me mandat du Pr\u00e9sident Abdelaziz Bouteflika \u2013 de fait, inscrit dans une logique de pr\u00e9sidence \u00e0 vie &#8211; qui se d\u00e9roulent en Alg\u00e9rie depuis la mi-f\u00e9vrier 2019 constituent un tournant de toute premi\u00e8re importance dans la vie politique du pays. En effet, c\u2019est bien la premi\u00e8re fois, depuis l\u2019Ind\u00e9pendance nationale en 1962, que de tels rassemblements, regroupant au niveau national des millions de personnes, ont lieu dans tout le pays et ce, de mani\u00e8re pacifique. De fait, il s\u2019agit d\u2019un ph\u00e9nom\u00e8ne tout \u00e0 fait nouveau consacrant l\u2019irruption des citoyens qui comptent bien faire entendre leur voix et participer aux prises de d\u00e9cisions qui engagent leur avenir en occupant un espace public jusqu\u2019alors particuli\u00e8rement atone, car essentiellement domin\u00e9 par des acteurs institutionnels tr\u00e8s conventionnels et inscrits dans une probl\u00e9matique d\u00e9finie par un r\u00e9gime autoritaire.&nbsp;<strong>Pourquoi et comment en est-on arriv\u00e9 l\u00e0&nbsp;?<\/strong><\/p>\n\n\n\n<h3 class=\"wp-block-heading\">A priori, le refus d\u2019un projet de cinqui\u00e8me mandat pr\u00e9sidentiel tout \u00e0 fait irr\u00e9aliste<\/h3>\n\n\n\n<p>A priori, la protestation populaire s\u2019est organis\u00e9e contre le projet d\u2019un cinqui\u00e8me mandat du Pr\u00e9sident Abdelaziz Bouteflika puisque celui-ci, dans une lettre \u00e0 la Nation, diffus\u00e9e le 10 f\u00e9vrier 2019, a officiellement annonc\u00e9 sa candidature \u00e0 la Pr\u00e9sidence de la R\u00e9publique&nbsp;; \u00e9tant entendu que le scrutin pr\u00e9sidentiel devait \u00eatre organis\u00e9 le 18 avril 2019. Or, depuis l\u2019accident vasculaire c\u00e9r\u00e9bral dont il a \u00e9t\u00e9 victime en avril 2013, son \u00e9tat de sant\u00e9, gravement d\u00e9t\u00e9rior\u00e9, ne lui permet plus d\u2019exercer ses fonctions. D\u2019ailleurs, il ne s\u2019exprimait plus en public. Ses tr\u00e8s rares apparitions ne font que confirmer son incapacit\u00e9 manifeste \u00e0 assumer une charge publique aussi lourde que celle de Pr\u00e9sident de la R\u00e9publique. Pour rappel, il convient de retenir qu\u2019\u00e9lu pour un premier mandat de cinq ans en avril 1999, il est r\u00e9\u00e9lu en 2004 puis &#8211; apr\u00e8s une modification de la Constitution intervenue en 2008, faisant \u00ab&nbsp;sauter&nbsp;\u00bb le verrou limitant \u00e0 deux le nombre de mandats pouvant \u00eatre exerc\u00e9s par un Pr\u00e9sident de la R\u00e9publique \u2013 en 2009 et 2014.&nbsp;<br><\/p>\n\n\n\n<p>Le quatri\u00e8me mandat, intervenant apr\u00e8s ses graves probl\u00e8mes de sant\u00e9 et ayant \u00e9t\u00e9 notablement caract\u00e9ris\u00e9 par une \u00ab&nbsp;campagne \u00e9lectorale&nbsp;\u00bb tout \u00e0 fait exceptionnelle dont le \u00ab&nbsp;candidat favori&nbsp;\u00bb avait \u00e9t\u00e9 totalement absent. Voici pourquoi le projet d\u2019un cinqui\u00e8me mandat pr\u00e9sidentiel 2014-2019 est imm\u00e9diatement apparu aux yeux d\u2019une tr\u00e8s grande majorit\u00e9 de citoyens comme irr\u00e9aliste, arrogant et donc, en tant que tel, totalement inacceptable. Et c\u2019est ainsi que nous sommes en pr\u00e9sence d\u2019un tr\u00e8s large consensus national autour d\u2019un mot d\u2019ordre simple, clair et net &#8211;&nbsp;<em>\u00ab&nbsp;Non \u00e0 un cinqui\u00e8me mandat du Pr\u00e9sident Abdelaziz Bouteflika&nbsp;\u00bb<\/em>. Le rejet de ce projet de cinqui\u00e8me mandat, d\u00e9j\u00e0 diffus depuis quelques mois, a donc fonctionn\u00e9 \u00e0 partir de la mi-f\u00e9vrier 2019 comme un \u00e9l\u00e9ment d\u00e9clencheur d\u2019un mouvement social dont les diverses formes de manifestation sont pratiquement devenues quotidiennes, avec syst\u00e9matiquement en point d\u2019orgue celle, fortement symbolique, du vendredi.<br><\/p>\n\n\n\n<p><strong>Alg\u00e9rie, contestation<\/strong>Source&nbsp;: Wikipedia<\/p>\n\n\n\n<h3 class=\"wp-block-heading\">Puis, \u00e9merge progressivement un rejet de plus en plus radical du syst\u00e8me politique en place<\/h3>\n\n\n\n<p>Au d\u00e9part, strictement limit\u00e9 au rejet du projet de cinqui\u00e8me mandat pr\u00e9sidentiel, le large mouvement social initi\u00e9 \u00e9volue progressivement et se transforme en une revendication profond\u00e9ment politique et beaucoup plus radicale. En effet, face aux diff\u00e9rentes r\u00e9actions successives du pouvoir politique, syst\u00e9matiquement caract\u00e9risables comme relevant d\u2019une analyse en termes de\u00a0<em>\u00ab\u00a0trop peu, trop tard\u00a0\u00bb<\/em>, en raison de leur pr\u00e9occupation permanente de sauver, autant que faire se peut, les fondements du r\u00e9gime politique en place, le plafond des revendications du mouvement social ne cesse d\u2019\u00e9voluer vers plus d\u2019exigences. Pour finalement se transformer en une ferme revendication de d\u00e9part d\u00e9finitif de tous les membres de l\u2019\u00e9lite politique au pouvoir depuis 1962 qui est syst\u00e9matiquement scand\u00e9e en une formule lapidaire, exprim\u00e9e en langue arabe populaire alg\u00e9rienne\u00a0:\u00a0<em>\u00ab\u00a0Tous doivent partir\u00a0\u00bb<\/em>. Tel que formul\u00e9, ce slogan d\u2019inspiration\u00a0<em>\u00ab\u00a0d\u00e9gagiste\u00a0[<a href=\"https:\/\/www.diploweb.com\/Algerie-2019-une-crise-majeure.html#nb1\">1<\/a>]\u00a0\u00bb\u00a0<\/em>signifie clairement que pour les acteurs les plus dynamiques du mouvement social engag\u00e9, il n\u2019y aura de solution \u00e0 la crise qu\u2019en dehors des sch\u00e9mas institutionnels jusqu\u2019alors pr\u00e9valant dans le pays. Et qui, tous, \u00e0 commencer par la Constitution, d\u2019une mani\u00e8re ou d\u2019une autre, supposent n\u00e9cessairement la participation d\u2019acteurs politiques ayant d\u00e9j\u00e0 fonctionn\u00e9 dans le cadre du r\u00e9gime politique existant.\u00a0<\/p>\n\n\n\n<p>Read more on <a href=\"https:\/\/www.diploweb.com\/Algerie-2019-une-crise-majeure.html\"><strong>diploweb.com<\/strong><\/a><\/p>\n\n\n\n<p>Sent by <strong>Edouard Bustin<\/strong> <\/p>\n","protected":false},"excerpt":{"rendered":"<p>Le Pr\u00e9sident alg\u00e9rien Abdelaziz Bouteflika a rendu publique sa \u00ab&nbsp;d\u00e9mission&nbsp;\u00bb le 2 avril 2019, en r\u00e9ponse \u00e0 une sommation du chef de l\u2019arm\u00e9e lui enjoignant de mettre en \u0153uvre imm\u00e9diatement les dispositions de l\u2019article 102 de la Constitution qui pr\u00e9voit &hellip; <a href=\"https:\/\/francophone.port.ac.uk\/?p=2201\">Continue reading <span class=\"meta-nav\">&rarr;<\/span><\/a><\/p>\n","protected":false},"author":9,"featured_media":0,"comment_status":"open","ping_status":"open","sticky":false,"template":"","format":"standard","meta":{"jetpack_post_was_ever_published":false,"_jetpack_newsletter_access":"","_jetpack_dont_email_post_to_subs":false,"_jetpack_newsletter_tier_id":0,"_jetpack_memberships_contains_paywalled_content":false,"_jetpack_memberships_contains_paid_content":false,"footnotes":""},"categories":[1],"tags":[27,737,453,545],"class_list":["post-2201","post","type-post","status-publish","format-standard","hentry","category-uncategorised","tag-algeria","tag-bouteflika","tag-politics","tag-presidential-elections"],"jetpack_featured_media_url":"","jetpack_sharing_enabled":true,"_links":{"self":[{"href":"https:\/\/francophone.port.ac.uk\/index.php?rest_route=\/wp\/v2\/posts\/2201","targetHints":{"allow":["GET"]}}],"collection":[{"href":"https:\/\/francophone.port.ac.uk\/index.php?rest_route=\/wp\/v2\/posts"}],"about":[{"href":"https:\/\/francophone.port.ac.uk\/index.php?rest_route=\/wp\/v2\/types\/post"}],"author":[{"embeddable":true,"href":"https:\/\/francophone.port.ac.uk\/index.php?rest_route=\/wp\/v2\/users\/9"}],"replies":[{"embeddable":true,"href":"https:\/\/francophone.port.ac.uk\/index.php?rest_route=%2Fwp%2Fv2%2Fcomments&post=2201"}],"version-history":[{"count":1,"href":"https:\/\/francophone.port.ac.uk\/index.php?rest_route=\/wp\/v2\/posts\/2201\/revisions"}],"predecessor-version":[{"id":2202,"href":"https:\/\/francophone.port.ac.uk\/index.php?rest_route=\/wp\/v2\/posts\/2201\/revisions\/2202"}],"wp:attachment":[{"href":"https:\/\/francophone.port.ac.uk\/index.php?rest_route=%2Fwp%2Fv2%2Fmedia&parent=2201"}],"wp:term":[{"taxonomy":"category","embeddable":true,"href":"https:\/\/francophone.port.ac.uk\/index.php?rest_route=%2Fwp%2Fv2%2Fcategories&post=2201"},{"taxonomy":"post_tag","embeddable":true,"href":"https:\/\/francophone.port.ac.uk\/index.php?rest_route=%2Fwp%2Fv2%2Ftags&post=2201"}],"curies":[{"name":"wp","href":"https:\/\/api.w.org\/{rel}","templated":true}]}}