{"id":2226,"date":"2019-05-02T10:25:01","date_gmt":"2019-05-02T09:25:01","guid":{"rendered":"http:\/\/francophone.port.ac.uk\/?p=2226"},"modified":"2019-05-02T10:25:04","modified_gmt":"2019-05-02T09:25:04","slug":"la-marche-du-monde-la-voix-mamadou-dia-1-3","status":"publish","type":"post","link":"https:\/\/francophone.port.ac.uk\/?p=2226","title":{"rendered":"LA MARCHE DU MONDE: La voix Mamadou Dia (1\/3)"},"content":{"rendered":"\n<h4 class=\"wp-block-heading\">Personnalit\u00e9 politique de premier plan, Mamadou Dia retrouve la parole dans ce documentaire historique en trois \u00e9pisodes de Val\u00e9rie Nivelon.A la proposition du pr\u00e9sident Senghor de le lib\u00e9rer s\u2019il renon\u00e7ait \u00e0 la politique, Mamadou Dia r\u00e9pondait \u00ab&nbsp;<em>Je pr\u00e9f\u00e8re vivre libre en prison plut\u00f4t que d\u2019\u00eatre prisonnier dehors<\/em>&nbsp;\u00bb. Au son de nos archives exclusives, \u00e9coutez la voix de Mamadou Dia, premier pr\u00e9sident du Conseil du S\u00e9n\u00e9gal, de 1957 \u00e0 1962, dont l\u2019id\u00e9al nationaliste ne souffrait aucun compromis avec la France.<\/h4>\n\n\n\n<p><strong>Avec la participation de\u00a0:<\/strong>\u00a0&#8211;\u00a0<strong>Roland Colin,<\/strong>\u00a0ancien directeur de cabinet de Mamadou Dia<br>&#8211;<strong>\u00a0Mamadou Diouf,<\/strong>\u00a0historien de la vie politique et intellectuelle s\u00e9n\u00e9galaise, Professeur \u00e0 l\u2019Universit\u00e9 de Colombia<br>&#8211; Ainsi que le politiste\u00a0<strong>Etienne Smith.<\/strong><\/p>\n\n\n\n<p><strong><a href=\"http:\/\/www.rfi.fr\/emission\/20190317-afrique-senegal-mamadou-dia-voix-exclusivite-rfi-episode1\">Ecoutez ici\/Listen here<\/a><\/strong><\/p>\n","protected":false},"excerpt":{"rendered":"<p>Personnalit\u00e9 politique de premier plan, Mamadou Dia retrouve la parole dans ce documentaire historique en trois \u00e9pisodes de Val\u00e9rie Nivelon.A la proposition du pr\u00e9sident Senghor de le lib\u00e9rer s\u2019il renon\u00e7ait \u00e0 la politique, Mamadou Dia r\u00e9pondait \u00ab&nbsp;Je pr\u00e9f\u00e8re vivre libre &hellip; <a href=\"https:\/\/francophone.port.ac.uk\/?p=2226\">Continue reading <span class=\"meta-nav\">&rarr;<\/span><\/a><\/p>\n","protected":false},"author":9,"featured_media":0,"comment_status":"open","ping_status":"open","sticky":false,"template":"","format":"standard","meta":{"jetpack_post_was_ever_published":false,"_jetpack_newsletter_access":"","_jetpack_dont_email_post_to_subs":false,"_jetpack_newsletter_tier_id":0,"_jetpack_memberships_contains_paywalled_content":false,"_jetpack_memberships_contains_paid_content":false,"footnotes":""},"categories":[1],"tags":[58,394,761,86,67,111],"class_list":["post-2226","post","type-post","status-publish","format-standard","hentry","category-uncategorised","tag-africa","tag-history","tag-mamadou-dia","tag-senegal","tag-west-africa","tag-west-africa-history"],"jetpack_featured_media_url":"","jetpack_sharing_enabled":true,"_links":{"self":[{"href":"https:\/\/francophone.port.ac.uk\/index.php?rest_route=\/wp\/v2\/posts\/2226","targetHints":{"allow":["GET"]}}],"collection":[{"href":"https:\/\/francophone.port.ac.uk\/index.php?rest_route=\/wp\/v2\/posts"}],"about":[{"href":"https:\/\/francophone.port.ac.uk\/index.php?rest_route=\/wp\/v2\/types\/post"}],"author":[{"embeddable":true,"href":"https:\/\/francophone.port.ac.uk\/index.php?rest_route=\/wp\/v2\/users\/9"}],"replies":[{"embeddable":true,"href":"https:\/\/francophone.port.ac.uk\/index.php?rest_route=%2Fwp%2Fv2%2Fcomments&post=2226"}],"version-history":[{"count":1,"href":"https:\/\/francophone.port.ac.uk\/index.php?rest_route=\/wp\/v2\/posts\/2226\/revisions"}],"predecessor-version":[{"id":2227,"href":"https:\/\/francophone.port.ac.uk\/index.php?rest_route=\/wp\/v2\/posts\/2226\/revisions\/2227"}],"wp:attachment":[{"href":"https:\/\/francophone.port.ac.uk\/index.php?rest_route=%2Fwp%2Fv2%2Fmedia&parent=2226"}],"wp:term":[{"taxonomy":"category","embeddable":true,"href":"https:\/\/francophone.port.ac.uk\/index.php?rest_route=%2Fwp%2Fv2%2Fcategories&post=2226"},{"taxonomy":"post_tag","embeddable":true,"href":"https:\/\/francophone.port.ac.uk\/index.php?rest_route=%2Fwp%2Fv2%2Ftags&post=2226"}],"curies":[{"name":"wp","href":"https:\/\/api.w.org\/{rel}","templated":true}]}}