{"id":2229,"date":"2019-05-03T13:04:09","date_gmt":"2019-05-03T12:04:09","guid":{"rendered":"http:\/\/francophone.port.ac.uk\/?p=2229"},"modified":"2019-05-03T13:04:14","modified_gmt":"2019-05-03T12:04:14","slug":"en-algerie-les-stades-contre-le-pouvoir","status":"publish","type":"post","link":"https:\/\/francophone.port.ac.uk\/?p=2229","title":{"rendered":"En Alg\u00e9rie, les stades contre le pouvoir"},"content":{"rendered":"\n<p>N\u00e9e le 22 f\u00e9vrier, la protestation populaire contre le r\u00e9gime alg\u00e9rien ne faiblit pas. Fer de lance du mouvement, la jeunesse masculine exprime depuis longtemps ses revendications politiques lors des rencontres de football. Plusieurs chants des supporteurs des clubs de la capitale sont d\u00e9sormais repris par l\u2019ensemble des manifestants. <\/p>\n\n\n\n<figure class=\"wp-block-image\"><img decoding=\"async\" src=\"https:\/\/www.monde-diplomatique.fr\/local\/cache-vignettes\/L650xH975\/img010-2-3-1e4c6.jpg?1556555806\" alt=\"JPEG - 66\u00c2\u00a0ko\"\/><figcaption><br> \u00ab Alg\u00e9rie, quand les ultras r\u00e9volutionnent \u00bb<br> 22 f\u00e9vrier 2019<br>Sabri Benalycherif \/\u00a0Hans Lucas &#8211;\u00a0<a href=\"http:\/\/www.sabribac.com\/\">www.sabribac.com<\/a> <\/figcaption><\/figure>\n\n\n\n<p>Une ambiance de f\u00eate gagne le centre-ville d\u2019Alger, en ce soir du 2 avril. Sous la double pression du peuple et de l\u2019arm\u00e9e, le pr\u00e9sident Abdelaziz Bouteflika vient d\u2019annoncer sa d\u00e9mission. Rassembl\u00e9e au pied de la Grande Poste, \u00e9difice n\u00e9omauresque embl\u00e9matique de la capitale, la foule entonne <em>La casa del Mouradia.<\/em>\u00a0Hymne de la contestation d\u00e8s le vendredi\u00a022\u00a0f\u00e9vrier, date de la premi\u00e8re marche pacifique contre le r\u00e9gime, ce chant vient des tribunes de supporteurs de l\u2019Union sportive de la m\u00e9dina d\u2019Alger (USMA), l\u2019un des plus importants clubs de football du pays.<\/p>\n\n\n\n<p>Le titre \u00e9voque le palais pr\u00e9sidentiel, situ\u00e9 \u00e0 El-Mouradia, quartier des hauteurs alg\u00e9roises, et se r\u00e9f\u00e8re \u00e0&nbsp;<em>La casa de papel,<\/em>&nbsp;une s\u00e9rie t\u00e9l\u00e9vis\u00e9e espagnole \u00e0 succ\u00e8s qui met en sc\u00e8ne une bande de braqueurs professionnels. Compos\u00e9e par l\u2019organisation de supporteurs Ouled El-Bahdja (\u00ab&nbsp;Les fils de la radieuse&nbsp;\u00bb, surnom d\u2019Alger), la chanson d\u00e9peint dans un premier temps le \u00ab&nbsp;d\u00e9go\u00fbtage&nbsp;\u00bb, la d\u00e9sesp\u00e9rance de la jeunesse alg\u00e9rienne&nbsp;:&nbsp;<em>\u00ab&nbsp;C\u2019est l\u2019aube et le sommeil ne vient pas. Je consomme [de la drogue] \u00e0 petites doses. Quelle en est la raison&nbsp;? Qui dois-je bl\u00e2mer&nbsp;? On en a marre de cette vie.&nbsp;\u00bb<\/em>&nbsp;Les couplets suivants conspuent sans retenue les vingt ans de r\u00e8gne de M.&nbsp;Bouteflika&nbsp;:&nbsp;<em>\u00ab&nbsp;Le premier [mandat], on dira qu\u2019il est pass\u00e9. Ils nous ont eus avec la d\u00e9cennie<\/em>. (&#8230;)&nbsp;<em>Au quatri\u00e8me [mandat], la poup\u00e9e est morte. L\u2019affaire suit son cours&#8230;&nbsp;\u00bb<\/em><\/p>\n\n\n\n<p>Les chants de stade ont toujours exist\u00e9 en Alg\u00e9rie, mais ils sont devenus une culture musicale \u00e0 part enti\u00e8re depuis une quinzaine d\u2019ann\u00e9es. Surnomm\u00e9s\u00a0<em>chnawa<\/em>\u00a0(\u00ab\u00a0les Chinois\u00a0\u00bb) en raison de leur nombre, les supporteurs du Mouloudia Club d\u2019Alger (MCA) poss\u00e8dent leur propre groupe, Torino, qui a lanc\u00e9 en janvier dernier le tube\u00a0<em>3am Sa\u00efd<\/em>\u00a0(\u00ab\u00a0Bonne ann\u00e9e\u00a0\u00bb), une critique corrosive du syst\u00e8me judiciaire et une mise en cause \u00e0 peine voil\u00e9e de M.\u00a0Sa\u00efd Bouteflika, fr\u00e8re et conseiller sp\u00e9cial du pr\u00e9sident d\u00e9chu.\u00a0<\/p>\n\n\n\n<p>Read more on <a href=\"https:\/\/www.monde-diplomatique.fr\/2019\/05\/CORREIA\/59835\"><strong>Le Monde <\/strong><\/a><em><a href=\"https:\/\/www.monde-diplomatique.fr\/2019\/05\/CORREIA\/59835\"><strong>diplomatique<\/strong><\/a><\/em><\/p>\n","protected":false},"excerpt":{"rendered":"<p>N\u00e9e le 22 f\u00e9vrier, la protestation populaire contre le r\u00e9gime alg\u00e9rien ne faiblit pas. Fer de lance du mouvement, la jeunesse masculine exprime depuis longtemps ses revendications politiques lors des rencontres de football. Plusieurs chants des supporteurs des clubs de &hellip; <a href=\"https:\/\/francophone.port.ac.uk\/?p=2229\">Continue reading <span class=\"meta-nav\">&rarr;<\/span><\/a><\/p>\n","protected":false},"author":9,"featured_media":0,"comment_status":"open","ping_status":"open","sticky":false,"template":"","format":"standard","meta":{"jetpack_post_was_ever_published":false,"_jetpack_newsletter_access":"","_jetpack_dont_email_post_to_subs":false,"_jetpack_newsletter_tier_id":0,"_jetpack_memberships_contains_paywalled_content":false,"_jetpack_memberships_contains_paid_content":false,"footnotes":""},"categories":[1],"tags":[],"class_list":["post-2229","post","type-post","status-publish","format-standard","hentry","category-uncategorised"],"jetpack_featured_media_url":"","jetpack_sharing_enabled":true,"_links":{"self":[{"href":"https:\/\/francophone.port.ac.uk\/index.php?rest_route=\/wp\/v2\/posts\/2229","targetHints":{"allow":["GET"]}}],"collection":[{"href":"https:\/\/francophone.port.ac.uk\/index.php?rest_route=\/wp\/v2\/posts"}],"about":[{"href":"https:\/\/francophone.port.ac.uk\/index.php?rest_route=\/wp\/v2\/types\/post"}],"author":[{"embeddable":true,"href":"https:\/\/francophone.port.ac.uk\/index.php?rest_route=\/wp\/v2\/users\/9"}],"replies":[{"embeddable":true,"href":"https:\/\/francophone.port.ac.uk\/index.php?rest_route=%2Fwp%2Fv2%2Fcomments&post=2229"}],"version-history":[{"count":1,"href":"https:\/\/francophone.port.ac.uk\/index.php?rest_route=\/wp\/v2\/posts\/2229\/revisions"}],"predecessor-version":[{"id":2230,"href":"https:\/\/francophone.port.ac.uk\/index.php?rest_route=\/wp\/v2\/posts\/2229\/revisions\/2230"}],"wp:attachment":[{"href":"https:\/\/francophone.port.ac.uk\/index.php?rest_route=%2Fwp%2Fv2%2Fmedia&parent=2229"}],"wp:term":[{"taxonomy":"category","embeddable":true,"href":"https:\/\/francophone.port.ac.uk\/index.php?rest_route=%2Fwp%2Fv2%2Fcategories&post=2229"},{"taxonomy":"post_tag","embeddable":true,"href":"https:\/\/francophone.port.ac.uk\/index.php?rest_route=%2Fwp%2Fv2%2Ftags&post=2229"}],"curies":[{"name":"wp","href":"https:\/\/api.w.org\/{rel}","templated":true}]}}