{"id":2233,"date":"2019-05-08T11:16:13","date_gmt":"2019-05-08T10:16:13","guid":{"rendered":"http:\/\/francophone.port.ac.uk\/?p=2233"},"modified":"2019-05-08T11:16:16","modified_gmt":"2019-05-08T10:16:16","slug":"enlevement-de-touristes-francais-au-benin-le-ver-est-il-dans-le-fruit","status":"publish","type":"post","link":"https:\/\/francophone.port.ac.uk\/?p=2233","title":{"rendered":"ENLEVEMENT DE TOURISTES FRAN\u00c7AIS AU BENIN : Le ver est-il dans le fruit ?"},"content":{"rendered":"\n<p><em>En milieu de semaine derni\u00e8re, on signalait la disparition de deux touristes fran\u00e7ais et de leur guide local dans le parc de la Pendjari au B\u00e9nin, qui est l\u2019un des trois parcs de l\u2019ensemble WAP (W, Arly, Pendjari) et qui s\u2019\u00e9tend respectivement sur le Burkina Faso, le Niger et le B\u00e9nin.&nbsp;<\/em><em>Trois jours plus tard, soit le 4 mai dernier, le corps sans vie du guide b\u00e9ninois \u00e9tait retrouv\u00e9 sans que l\u2019on ne sache o\u00f9 sont pass\u00e9s les touristes ; ce qui laisse penser \u00e0 un enl\u00e8vement. Ce, apr\u00e8s que leur v\u00e9hicule a \u00e9t\u00e9 retrouv\u00e9 sans les occupants, quelques heures plus t\u00f4t. Alors, acte de grand banditisme ou action terroriste ? Bien malin qui saurait r\u00e9pondre \u00e0 cette question. D\u2019autant qu\u2019\u00e0 l\u2019\u00e9tape actuelle des investigations, et au moment o\u00f9 nous tracions ces lignes, l\u2019acte n\u2019\u00e9tait pas encore revendiqu\u00e9.<\/em><\/p>\n\n\n\n<p><strong>Cette disparition de touristes \u00e9trangers sonne comme une alerte pour le pays de Patrice Talon<\/strong><\/p>\n\n\n\n<p>Toutefois, vu le modus operandi des ravisseurs, l\u2019on est port\u00e9 \u00e0 privil\u00e9gier la piste des \u00ab terroristes \u00bb. Et leur silence pourrait s\u2019expliquer par la volont\u00e9 de \u00ab s\u00e9curiser \u00bb dans un premier temps, les otages avant de donner \u00e9ventuellement de la voix. Quoi qu\u2019il en soit, le doute n\u2019est plus permis que les deux ressortissants fran\u00e7ais sont entre les mains d\u2019individus malveillants, qui n\u2019ont visiblement pas h\u00e9sit\u00e9 \u00e0 se d\u00e9barrasser d\u2019un t\u00e9moin g\u00eanant ou d\u2019un otage encombrant comme c\u2019est le cas du guide b\u00e9ninois froidement envoy\u00e9 ad patres. C\u2019est pourquoi l\u2019on est port\u00e9 \u00e0 croire que la pieuvre terroriste a r\u00e9ussi \u00e0 tisser sa toile jusque sur les bords du littoral. Car, de m\u00e9moire, et sauf erreur ou omission, cet enl\u00e8vement de touristes \u00e9trangers qui porte visiblement la griffe des terroristes, est une premi\u00e8re au pays du Vaudou qui \u00e9tait jusque-l\u00e0 \u00e9pargn\u00e9 par les fous d\u2019Allah. Le ver est-il alors dans le fruit ou s\u2019appr\u00eate-t-il \u00e0 y entrer ? En tout cas, on se rappelle qu\u2019au Burkina Faso voisin, la vague des attaques terroristes qui secouent le pays depuis bient\u00f4t trois ans, avait \u00e9t\u00e9 pr\u00e9c\u00e9d\u00e9e d\u2019enl\u00e8vements d\u2019\u00e9trangers, notamment celui d\u2019un ressortissant roumain \u00e0 Tambao et celui du Docteur Elliott dont on reste sans nouvelles jusqu\u2019\u00e0 ce jour, ainsi que de sa femme qui a \u00e9t\u00e9 lib\u00e9r\u00e9e par la suite. Est-ce donc au tour du B\u00e9nin de tomber dans l\u2019\u0153il du cyclone des djihadistes ?\u00a0\u00a0Quoi qu\u2019il en soit, l\u2019enl\u00e8vement de touristes \u00e9trangers n\u2019a jamais \u00e9t\u00e9 une bonne publicit\u00e9 pour le pays h\u00f4te. C\u2019est pourquoi le pr\u00e9sident Patrice Talon a du souci \u00e0 se faire ; lui qui est accus\u00e9 par nombre de ses compatriotes d\u2019\u00eatre \u00e0 l\u2019origine de la crise politique qui secoue son pays, suite au scrutin l\u00e9gislatif fort contest\u00e9 du 30 avril dernier, qui a vu la mise \u00e0 l\u2019\u00e9cart de l\u2019opposition et fait basculer le pays dans la violence. Or, on le sait, les terroristes n\u2019attendent toujours que les moments de faiblesse des Etats pour mieux se signaler. Et l\u2019on ne peut pas dire qu\u2019au B\u00e9nin, c\u2019est actuellement l\u2019union sacr\u00e9e entre les fils et les filles du pays qui se regardent en chiens de fa\u00efence suite \u00e0 ces l\u00e9gislatives de la division, qui ont laiss\u00e9 sept morts sur le carreau, avec de nombreux d\u00e9g\u00e2ts mat\u00e9riels. C\u2019est en cela que les chefs d\u2019Etat de la sous-r\u00e9gion gagneraient \u00e0 voler au secours de Boni Yayi qui demande leur soutien. En tout cas, il appartient aux B\u00e9ninois de ne pas pr\u00eater le flanc et de se ressaisir pour ne pas laisser leur pays \u00e0 la merci de ces hommes sans foi ni loi, qui pr\u00e9tendent combattre au nom d\u2019Allah.\u00a0\u00a0En tout \u00e9tat de cause, cette disparition de touristes \u00e9trangers sonne comme une alerte pour le pays de Patrice Talon et un appel \u00e0 plus de vigilance pour les autres pays voisins du Burkina.<\/p>\n\n\n\n<p><strong>La menace n\u2019est plus th\u00e9orique, mais bien r\u00e9elle<\/strong><\/p>\n\n\n\n<p>Car, elle vient rappeler la pr\u00e9carit\u00e9 d\u2019une situation s\u00e9curitaire qui ne cesse de se d\u00e9grader dans la sous-r\u00e9gion en proie \u00e0 la recrudescence des attaques terroristes depuis le d\u00e9clenchement de la crise libyenne et l\u2019assassinat du Guide de la Jamahiriya libyenne. Elle vient surtout rappeler la n\u00e9cessit\u00e9, pour nos pays, de mutualiser leurs efforts dans la lutte contre un ennemi qui a une grande capacit\u00e9 de mobilit\u00e9, et qui profite souvent de la porosit\u00e9 des fronti\u00e8res pour poser des actes de nuisance et dispara\u00eetre ensuite dans la nature. Et il ne faut pas attendre d\u2019\u00eatre frapp\u00e9 pour en prendre conscience. Car, tout porte \u00e0 croire que ce ne sont pas uniquement les pays du Sahel qui sont dans le collimateur des terroristes. D\u00e9sormais, tous les pays de la sous-r\u00e9gion doivent se sentir concern\u00e9s et garder l\u2019arme au pied. Ils doivent d\u2019autant plus le faire que la n\u00e9buleuse est connue pour sa forte capacit\u00e9 de m\u00e9tastase et peut d\u00e9ployer ses tentacules jusque dans des contr\u00e9es insoup\u00e7onn\u00e9es. C\u2019est dire si aucun pays n\u2019est aujourd\u2019hui \u00e0 l\u2019abri du terrorisme. Et rien ne dit qu\u2019il n\u2019y a pas d\u00e9j\u00e0 des cellules dormantes qui n\u2019attendent que le moment opportun pour passer \u00e0 l\u2019acte. En tout cas, avec l\u2019op\u00e9ration Otapuanu lanc\u00e9e en mars dernier par les Forces de d\u00e9fense et de s\u00e9curit\u00e9 burkinab\u00e8 \u00e0 l\u2019Est du pays contre les forces du mal, l\u2019on pouvait s\u2019attendre \u00e0 des r\u00e9percussions dans les pays voisins \u00e0 qui il revenait de prendre des mesures pr\u00e9ventives, d\u00e8s lors qu\u2019ils avaient \u00e9t\u00e9 avertis par les autorit\u00e9s burkinab\u00e8. Et l\u2019interception d\u2019une vingtaine de ces t\u00eates br\u00fbl\u00e9es par les forces de s\u00e9curit\u00e9 togolaises, n\u2019est certainement pas le fait du hasard. C\u2019est dire si la menace n\u2019est plus th\u00e9orique, mais bien r\u00e9elle pour ces pays\u00a0; d\u2019o\u00f9 la n\u00e9cessit\u00e9 de relever le niveau de vigilance et de prendre des mesures fortes. Il y va de la s\u00e9curit\u00e9 de ces Etats.<\/p>\n\n\n\n<p><strong><a href=\"http:\/\/lepays.bf\/enlevement-de-touristes-francais-au-benin-le-ver-est-il-dans-le-fruit\/\">\u00ab\u00a0Le Pays\u00a0\u00bb<\/a><\/strong><\/p>\n","protected":false},"excerpt":{"rendered":"<p>En milieu de semaine derni\u00e8re, on signalait la disparition de deux touristes fran\u00e7ais et de leur guide local dans le parc de la Pendjari au B\u00e9nin, qui est l\u2019un des trois parcs de l\u2019ensemble WAP (W, Arly, Pendjari) et qui &hellip; <a href=\"https:\/\/francophone.port.ac.uk\/?p=2233\">Continue reading <span class=\"meta-nav\">&rarr;<\/span><\/a><\/p>\n","protected":false},"author":9,"featured_media":0,"comment_status":"open","ping_status":"open","sticky":false,"template":"","format":"standard","meta":{"jetpack_post_was_ever_published":false,"_jetpack_newsletter_access":"","_jetpack_dont_email_post_to_subs":false,"_jetpack_newsletter_tier_id":0,"_jetpack_memberships_contains_paywalled_content":false,"_jetpack_memberships_contains_paid_content":false,"footnotes":""},"categories":[1],"tags":[414,416,408,764,406],"class_list":["post-2233","post","type-post","status-publish","format-standard","hentry","category-uncategorised","tag-burkina-faso","tag-niger","tag-security","tag-security-crisis","tag-terrorism"],"jetpack_featured_media_url":"","jetpack_sharing_enabled":true,"_links":{"self":[{"href":"https:\/\/francophone.port.ac.uk\/index.php?rest_route=\/wp\/v2\/posts\/2233","targetHints":{"allow":["GET"]}}],"collection":[{"href":"https:\/\/francophone.port.ac.uk\/index.php?rest_route=\/wp\/v2\/posts"}],"about":[{"href":"https:\/\/francophone.port.ac.uk\/index.php?rest_route=\/wp\/v2\/types\/post"}],"author":[{"embeddable":true,"href":"https:\/\/francophone.port.ac.uk\/index.php?rest_route=\/wp\/v2\/users\/9"}],"replies":[{"embeddable":true,"href":"https:\/\/francophone.port.ac.uk\/index.php?rest_route=%2Fwp%2Fv2%2Fcomments&post=2233"}],"version-history":[{"count":1,"href":"https:\/\/francophone.port.ac.uk\/index.php?rest_route=\/wp\/v2\/posts\/2233\/revisions"}],"predecessor-version":[{"id":2234,"href":"https:\/\/francophone.port.ac.uk\/index.php?rest_route=\/wp\/v2\/posts\/2233\/revisions\/2234"}],"wp:attachment":[{"href":"https:\/\/francophone.port.ac.uk\/index.php?rest_route=%2Fwp%2Fv2%2Fmedia&parent=2233"}],"wp:term":[{"taxonomy":"category","embeddable":true,"href":"https:\/\/francophone.port.ac.uk\/index.php?rest_route=%2Fwp%2Fv2%2Fcategories&post=2233"},{"taxonomy":"post_tag","embeddable":true,"href":"https:\/\/francophone.port.ac.uk\/index.php?rest_route=%2Fwp%2Fv2%2Ftags&post=2233"}],"curies":[{"name":"wp","href":"https:\/\/api.w.org\/{rel}","templated":true}]}}