{"id":2235,"date":"2019-05-09T14:39:59","date_gmt":"2019-05-09T13:39:59","guid":{"rendered":"http:\/\/francophone.port.ac.uk\/?p=2235"},"modified":"2019-05-09T14:40:03","modified_gmt":"2019-05-09T13:40:03","slug":"cote-divoire-une-illusion-de-stabilite","status":"publish","type":"post","link":"https:\/\/francophone.port.ac.uk\/?p=2235","title":{"rendered":"C\u00f4te d\u2019Ivoire : une illusion de stabilit\u00e9"},"content":{"rendered":"\n<p><em><strong>Th\u00e9odore Golli<\/strong><\/em><\/p>\n\n\n\n<p>Au sein de l\u2019opinion internationale, la C\u00f4te d\u2019Ivoire est aujourd\u2019hui per\u00e7ue comme un mod\u00e8le de r\u00e9ussite \u00e9conomique. Le pays a \u00e9t\u00e9 pendant la d\u00e9cennie 2000 l\u2019objet de toutes les attentions en raison de la crise militaro-politique qu\u2019elle a connue. Un contraste qui fait qu\u2019elle suscite l\u2019admiration des uns et l\u2019inqui\u00e9tude des autres.<\/p>\n\n\n\n<p><strong>Aux origines de l\u2019instabilit\u00e9<\/strong><\/p>\n\n\n\n<p>Depuis son accession \u00e0 l\u2019ind\u00e9pendance, le 7 ao\u00fbt 1960, la C\u00f4te d\u2019Ivoire a d\u2019abord connu une croissance \u00e9conomique fulgurante de 1960 \u00e0 1980 ayant pour cons\u00e9quence l\u2019\u00e9mergence d\u2019une classe moyenne avec un fort pouvoir d\u2019achat avant de connaitre une p\u00e9riode de ralentissement \u00e9conomique o\u00f9 la pauvret\u00e9 s\u2019est accrue. Le Produit int\u00e9rieur brut (PIB) de ce pays d\u2019Afrique de l\u2019Ouest \u00e9tait au m\u00eame niveau que celui de la plupart des dragons d\u2019Asie (Cor\u00e9e du Sud, Singapour, la Malaisie, etc.). Son \u00e9conomie bas\u00e9e sur le \u00ab bin\u00f4me caf\u00e9-cacao \u00bb a fait l\u2019objet de convoitise, ce qui n\u2019a pas manqu\u00e9 d\u2019attirer les ressortissants des pays voisins, particuli\u00e8rement ceux du &nbsp;Burkina Faso et du Mali.<\/p>\n\n\n\n<p>Tant que cette embellie \u00e9conomique profitait \u00e0 tous, tout semblait aller pour le mieux. Les populations cohabitaient sans se soucier en majorit\u00e9 des origines des uns et des autres. Mais c\u2019\u00e9tait sans compter avec la crise de 1980 qui entra\u00eena la chute brutale du cours des mati\u00e8res premi\u00e8res. Cette situation va plomber l\u2019\u00e9conomie du pays car les dirigeants \u00e9taient mal pr\u00e9par\u00e9s et ne semblaient pas avoir planifi\u00e9 et anticip\u00e9 cette crise. Des revendications vont donc commencer \u00e0 surgir tant sur le plan politique que sur le plan social. La raret\u00e9 des ressources va conduire \u00e0 l\u2019\u00e9closion de conflits sociaux et des r\u00e9voltes intercommunautaires, aliment\u00e9s par des discours politiques.<\/p>\n\n\n\n<blockquote class=\"wp-block-quote is-layout-flow wp-block-quote-is-layout-flow\"><p>Ces crises vont cr\u00e9er un repli identitaire. Na\u00eet ainsi un clivage ethno-r\u00e9gionaliste, qui semble ne pas \u00eatre pris en consid\u00e9ration par le pouvoir<\/p><\/blockquote>\n\n\n\n<p>En r\u00e9alit\u00e9, la marche de la C\u00f4te d\u2019Ivoire de l\u2019accession \u00e0 l\u2019ind\u00e9pendance \u00e0 la crise des ann\u00e9es 1980 n\u2019a pas du tout \u00e9t\u00e9 sans encombre. On peut citer les deux crises majeures qui hantent encore l\u2019esprit de bon nombre d\u2019Ivoiriens : la crise du Sanwi (1959-1973) et celle du Gu\u00e9bi\u00e9 (1970). En effet, au lendemain de l\u2019ind\u00e9pendance, les r\u00e9gions du&nbsp;<a href=\"http:\/\/www.revues-ufhb-ci.org\/fichiers\/FICHIR_ARTICLE_1834.pdf\" target=\"_blank\" rel=\"noreferrer noopener\">Sanwi<\/a>\u00e0 l\u2019Est et du Gu\u00e9bi\u00e9 au Centre-Ouest ont eu chacune une volont\u00e9 de s\u00e9cession. Malheureusement, le dialogue n\u2019a pas \u00e9t\u00e9 privil\u00e9gi\u00e9 lors de ces deux crises, le plus fort ayant pris le dessus. Des blessures mal cicatris\u00e9es demeurent toujours.<\/p>\n\n\n\n<p>Ces crises vont cr\u00e9er un repli identitaire. Na\u00eet ainsi un clivage ethno-r\u00e9gionaliste, qui semble ne pas \u00eatre pris en consid\u00e9ration par le pouvoir. Dans ces zones, malheureusement, est v\u00e9hicul\u00e9 un discours tendant \u00e0 faire croire que l\u2019ethnie du tenant du pouvoir est privil\u00e9gi\u00e9e dans toutes les fonctions \u00e9tatiques et, de ce fait, s\u2019accapare toutes les richesses du pays et tend \u00e0 exproprier les autres peuples de leur terre, voire de leur richesse.<\/p>\n\n\n\n<p>Cette situation va co\u00efncider avec la naissance de partis politiques \u00e0 base r\u00e9gionaliste. Cela ne va pas s\u2019am\u00e9liorer avec la vague de d\u00e9mocratisation qui a consacr\u00e9 le multipartisme dans les ann\u00e9es 1990. S\u2019ensuit des moments de gr\u00e8ves et de violences. Le pouvoir d\u2019Abidjan peine \u00e0 calmer la situation. La crise \u00e9conomique s\u2019accentuant et sous l\u2019impulsion des institutions de Bretton Woods, le pr\u00e9sident F\u00e9lix Houphou\u00ebt Boigny se voit contraint de nommer un Premier ministre charg\u00e9 de mener des r\u00e9formes pour relever l\u2019\u00e9conomie.<\/p>\n\n\n\n<p>Read more on <strong>WATHI<\/strong><\/p>\n","protected":false},"excerpt":{"rendered":"<p>Th\u00e9odore Golli Au sein de l\u2019opinion internationale, la C\u00f4te d\u2019Ivoire est aujourd\u2019hui per\u00e7ue comme un mod\u00e8le de r\u00e9ussite \u00e9conomique. Le pays a \u00e9t\u00e9 pendant la d\u00e9cennie 2000 l\u2019objet de toutes les attentions en raison de la crise militaro-politique qu\u2019elle a &hellip; <a href=\"https:\/\/francophone.port.ac.uk\/?p=2235\">Continue reading <span class=\"meta-nav\">&rarr;<\/span><\/a><\/p>\n","protected":false},"author":9,"featured_media":0,"comment_status":"open","ping_status":"open","sticky":false,"template":"","format":"standard","meta":{"jetpack_post_was_ever_published":false,"_jetpack_newsletter_access":"","_jetpack_dont_email_post_to_subs":false,"_jetpack_newsletter_tier_id":0,"_jetpack_memberships_contains_paywalled_content":false,"_jetpack_memberships_contains_paid_content":false,"footnotes":""},"categories":[1],"tags":[58,760,99,408,765,67],"class_list":["post-2235","post","type-post","status-publish","format-standard","hentry","category-uncategorised","tag-africa","tag-cote-divoire","tag-ivory-coast","tag-security","tag-stability","tag-west-africa"],"jetpack_featured_media_url":"","jetpack_sharing_enabled":true,"_links":{"self":[{"href":"https:\/\/francophone.port.ac.uk\/index.php?rest_route=\/wp\/v2\/posts\/2235","targetHints":{"allow":["GET"]}}],"collection":[{"href":"https:\/\/francophone.port.ac.uk\/index.php?rest_route=\/wp\/v2\/posts"}],"about":[{"href":"https:\/\/francophone.port.ac.uk\/index.php?rest_route=\/wp\/v2\/types\/post"}],"author":[{"embeddable":true,"href":"https:\/\/francophone.port.ac.uk\/index.php?rest_route=\/wp\/v2\/users\/9"}],"replies":[{"embeddable":true,"href":"https:\/\/francophone.port.ac.uk\/index.php?rest_route=%2Fwp%2Fv2%2Fcomments&post=2235"}],"version-history":[{"count":1,"href":"https:\/\/francophone.port.ac.uk\/index.php?rest_route=\/wp\/v2\/posts\/2235\/revisions"}],"predecessor-version":[{"id":2236,"href":"https:\/\/francophone.port.ac.uk\/index.php?rest_route=\/wp\/v2\/posts\/2235\/revisions\/2236"}],"wp:attachment":[{"href":"https:\/\/francophone.port.ac.uk\/index.php?rest_route=%2Fwp%2Fv2%2Fmedia&parent=2235"}],"wp:term":[{"taxonomy":"category","embeddable":true,"href":"https:\/\/francophone.port.ac.uk\/index.php?rest_route=%2Fwp%2Fv2%2Fcategories&post=2235"},{"taxonomy":"post_tag","embeddable":true,"href":"https:\/\/francophone.port.ac.uk\/index.php?rest_route=%2Fwp%2Fv2%2Ftags&post=2235"}],"curies":[{"name":"wp","href":"https:\/\/api.w.org\/{rel}","templated":true}]}}