{"id":2240,"date":"2019-05-17T11:00:20","date_gmt":"2019-05-17T10:00:20","guid":{"rendered":"http:\/\/francophone.port.ac.uk\/?p=2240"},"modified":"2019-05-17T11:00:24","modified_gmt":"2019-05-17T10:00:24","slug":"lile-de-goree-des-centaines-dannees-dhistoires","status":"publish","type":"post","link":"https:\/\/francophone.port.ac.uk\/?p=2240","title":{"rendered":"L&#8217;\u00eele de Gor\u00e9e, des centaines (d&#8217;ann\u00e9es) d&#8217;histoire(s)."},"content":{"rendered":"\n<p> Africa4 a rencontr\u00e9 \u00e0 l&#8217;Universit\u00e9 francophone Senghor d&#8217;Alexandrie le professeur Abdoulaye Camara, arch\u00e9ologue et pr\u00e9historien de l&#8217;IFAN de Dakar, et ancien conservateur du Mus\u00e9e historique de Gor\u00e9e. <\/p>\n\n\n\n<p><a href=\"https:\/\/www.youtube.com\/watch?v=qQ6pyWDt-08\">https:\/\/www.youtube.com\/watch?v=qQ6pyWDt-08<\/a><\/p>\n\n\n\n<p>Pour retrouver des conf\u00e9rences patrimoniales du Pr. Abdoulaye Camara, suivez le lien suivant de l\u2019ICOM (comit\u00e9 international des Mus\u00e9es), section collections d\u2019arch\u00e9ologie et d\u2019histoire (<a href=\"http:\/\/network.icom.museum\/icmah\/publications\/nos-publications\/L\/2\/\" target=\"_blank\" rel=\"noreferrer noopener\">ICMAH<\/a>)<\/p>\n\n\n\n<p><a href=\"http:\/\/network.icom.museum\/fileadmin\/user_upload\/minisites\/icmah\/PDF\/ActesMarseilles3.pdf\" target=\"_blank\" rel=\"noreferrer noopener\">Gor\u00e9e, la route et la traite des esclaves<\/a>&nbsp;(conf\u00e9rence de l\u2019ICMAH, Marseille 2014)<\/p>\n\n\n\n<p><a href=\"http:\/\/network.icom.museum\/fileadmin\/user_upload\/minisites\/icmah\/PDF\/ICMAH2016conference_Milano.pdf\" target=\"_blank\" rel=\"noreferrer noopener\">Delta du Saloum au S\u00e9n\u00e9gal : paysage arch\u00e9ologique, traditions mill\u00e9naires et strat\u00e9gie de conservation<\/a>&nbsp;(conf\u00e9rence de l\u2019ICMAH, Milan 2016)<\/p>\n","protected":false},"excerpt":{"rendered":"<p>Africa4 a rencontr\u00e9 \u00e0 l&#8217;Universit\u00e9 francophone Senghor d&#8217;Alexandrie le professeur Abdoulaye Camara, arch\u00e9ologue et pr\u00e9historien de l&#8217;IFAN de Dakar, et ancien conservateur du Mus\u00e9e historique de Gor\u00e9e. https:\/\/www.youtube.com\/watch?v=qQ6pyWDt-08 Pour retrouver des conf\u00e9rences patrimoniales du Pr. Abdoulaye Camara, suivez le lien &hellip; <a href=\"https:\/\/francophone.port.ac.uk\/?p=2240\">Continue reading <span class=\"meta-nav\">&rarr;<\/span><\/a><\/p>\n","protected":false},"author":9,"featured_media":0,"comment_status":"open","ping_status":"open","sticky":false,"template":"","format":"standard","meta":{"jetpack_post_was_ever_published":false,"_jetpack_newsletter_access":"","_jetpack_dont_email_post_to_subs":false,"_jetpack_newsletter_tier_id":0,"_jetpack_memberships_contains_paywalled_content":false,"_jetpack_memberships_contains_paid_content":false,"footnotes":""},"categories":[1],"tags":[],"class_list":["post-2240","post","type-post","status-publish","format-standard","hentry","category-uncategorised"],"jetpack_featured_media_url":"","jetpack_sharing_enabled":true,"_links":{"self":[{"href":"https:\/\/francophone.port.ac.uk\/index.php?rest_route=\/wp\/v2\/posts\/2240","targetHints":{"allow":["GET"]}}],"collection":[{"href":"https:\/\/francophone.port.ac.uk\/index.php?rest_route=\/wp\/v2\/posts"}],"about":[{"href":"https:\/\/francophone.port.ac.uk\/index.php?rest_route=\/wp\/v2\/types\/post"}],"author":[{"embeddable":true,"href":"https:\/\/francophone.port.ac.uk\/index.php?rest_route=\/wp\/v2\/users\/9"}],"replies":[{"embeddable":true,"href":"https:\/\/francophone.port.ac.uk\/index.php?rest_route=%2Fwp%2Fv2%2Fcomments&post=2240"}],"version-history":[{"count":1,"href":"https:\/\/francophone.port.ac.uk\/index.php?rest_route=\/wp\/v2\/posts\/2240\/revisions"}],"predecessor-version":[{"id":2241,"href":"https:\/\/francophone.port.ac.uk\/index.php?rest_route=\/wp\/v2\/posts\/2240\/revisions\/2241"}],"wp:attachment":[{"href":"https:\/\/francophone.port.ac.uk\/index.php?rest_route=%2Fwp%2Fv2%2Fmedia&parent=2240"}],"wp:term":[{"taxonomy":"category","embeddable":true,"href":"https:\/\/francophone.port.ac.uk\/index.php?rest_route=%2Fwp%2Fv2%2Fcategories&post=2240"},{"taxonomy":"post_tag","embeddable":true,"href":"https:\/\/francophone.port.ac.uk\/index.php?rest_route=%2Fwp%2Fv2%2Ftags&post=2240"}],"curies":[{"name":"wp","href":"https:\/\/api.w.org\/{rel}","templated":true}]}}