{"id":2244,"date":"2019-05-21T10:46:55","date_gmt":"2019-05-21T09:46:55","guid":{"rendered":"http:\/\/francophone.port.ac.uk\/?p=2244"},"modified":"2019-05-21T10:46:58","modified_gmt":"2019-05-21T09:46:58","slug":"la-france-se-reengage-en-rd-congo-jean-yves-le-drian","status":"publish","type":"post","link":"https:\/\/francophone.port.ac.uk\/?p=2244","title":{"rendered":"La France se r\u00e9engage en RD Congo (Jean-Yves Le Drian)"},"content":{"rendered":"\n<p> (<a href=\"https:\/\/www.bruxelles2.eu\/2019\/05\/20\/la-france-se-reengage-en-rd-congo-jean-yves-le-drian\/\">B2 \u00e0 Kinshasa<\/a>) C\u2019est le message principal du\u00a0 ministre fran\u00e7ais de l\u2019Europe et des Affaires \u00e9trang\u00e8res, Jean-Yves Le Drian en d\u00e9placement en RD Congo ce lundi 20 mai. Ce \u00ab\u00a0<em>r\u00e9engagement de la France en RD Congo<\/em>\u00a0\u00bb passe par trois secteurs cl\u00e9s : la sant\u00e9, le d\u00e9veloppement, la d\u00e9fense. Un domaine sur lequel la France est d\u00e9j\u00e0 bien engag\u00e9e. <\/p>\n\n\n\n<p><strong>Ne pas baisser la garde au Sahel<\/strong><\/p>\n\n\n\n<p>\u00ab&nbsp;<em>Nos forces arm\u00e9es sont engag\u00e9es d\u00e8s que c\u2019est n\u00e9cessaire<\/em>&nbsp;\u00bb a pr\u00e9cis\u00e9 le ministre, citant l\u2019op\u00e9ration Barkhane. \u00ab&nbsp;<em>La multiplication des attaques au Burkina Faso et Niger montre qu\u2019on ne doit pas baisser garde. La menace reste \u00e9lev\u00e9e<\/em>&nbsp;[\u2026]. Cette pr\u00e9sence \u00ab&nbsp;<em>n\u2019a pas vocation \u00e0 \u00eatre \u00e9ternelle, mais dans les conditions actuelles notre pr\u00e9sence et notre action doit \u00eatre maintenue<\/em>&nbsp;\u00bb.<\/p>\n\n\n\n<p><strong>La belle initiative du G5 Sahel<\/strong><\/p>\n\n\n\n<p>Le relais de Barkhane passera par la force du G5 Sahel. \u00ab&nbsp;<em>C\u2019est une&nbsp;<\/em><em>belle initiative africaine. Cela met un peu de temps. Mais il n\u2019y a qu\u2019un an et demi. Et les Europ\u00e9ens n\u2019ont pas \u00e9t\u00e9 capables de faire \u00e7\u00e0.<\/em>&nbsp;\u00bb \u00ab&nbsp;<em>A terme, la s\u00e9curit\u00e9 des Africains sera assur\u00e9e par les Africains eux-m\u00eames<\/em>. \u00bb<\/p>\n\n\n\n<p><strong>Les FARDC doivent s\u2019engager dans du maintien de la paix<\/strong><\/p>\n\n\n\n<p>Dans cet effort de prise en charge de la s\u00e9curit\u00e9, les Congolais doivent s\u2019engager. \u00ab&nbsp;<em>Chacun doit garder \u00e0 l\u2019esprit que la MONUSCO&nbsp;<\/em>(la force de maintien de la paix de l\u2019ONU au Congo)&nbsp;<em>n\u2019est pas \u00e9ternelle, il viendra un moment o\u00f9 les FARDC prendront la rel\u00e8ve.<\/em>&nbsp;\u00bb Une question de s\u00e9curit\u00e9 pour le pays, mais aussi pour \u00ab&nbsp;<em>faire de la FARDC un exportateur de s\u00e9curit\u00e9. Les Congolais devront participer davantage aux forces de maintien de la paix. Et le ministre de promettre d\u2019accroitre la coop\u00e9ration en mati\u00e8re de s\u00e9curit\u00e9 et de d\u00e9fense, d\u2019intensifier les formations, notamment la formation aux op\u00e9rations de maintien de la paix, et de soutenir le projet de cr\u00e9ation d\u2019un&nbsp; coll\u00e8ge interarm\u00e9es de d\u00e9fense \u00bb<\/em>&nbsp;(ou \u00e9cole de guerre).<\/p>\n\n\n\n<p>(Nicolas Gros-Verheyde)<\/p>\n\n\n\n<figure class=\"wp-block-image\"><a href=\"http:\/\/www.bruxelles2.eu\/wp-content\/uploads\/2019\/05\/fanfare-rd-congo-20mai2019-5200061.jpg\"><img decoding=\"async\" src=\"http:\/\/www.bruxelles2.eu\/wp-content\/uploads\/2019\/05\/fanfare-rd-congo-20mai2019-5200061-572x450.jpg\" alt=\"\" class=\"wp-image-90939\"\/><\/a><figcaption><em>La fanfare qui a marqu\u00e9 par sa dynamique la visite officielle. Admirez la vivacit\u00e9 et le battement de semelles en rythme (\u00a9 NGV \/ B2)<\/em><br><\/figcaption><\/figure>\n\n\n\n<p>Originally published on<a href=\"https:\/\/www.bruxelles2.eu\/2019\/05\/20\/la-france-se-reengage-en-rd-congo-jean-yves-le-drian\/\"><strong> B2<\/strong><\/a><\/p>\n","protected":false},"excerpt":{"rendered":"<p>(B2 \u00e0 Kinshasa) C\u2019est le message principal du\u00a0 ministre fran\u00e7ais de l\u2019Europe et des Affaires \u00e9trang\u00e8res, Jean-Yves Le Drian en d\u00e9placement en RD Congo ce lundi 20 mai. Ce \u00ab\u00a0r\u00e9engagement de la France en RD Congo\u00a0\u00bb passe par trois secteurs &hellip; <a href=\"https:\/\/francophone.port.ac.uk\/?p=2244\">Continue reading <span class=\"meta-nav\">&rarr;<\/span><\/a><\/p>\n","protected":false},"author":9,"featured_media":0,"comment_status":"open","ping_status":"open","sticky":false,"template":"","format":"standard","meta":{"jetpack_post_was_ever_published":false,"_jetpack_newsletter_access":"","_jetpack_dont_email_post_to_subs":false,"_jetpack_newsletter_tier_id":0,"_jetpack_memberships_contains_paywalled_content":false,"_jetpack_memberships_contains_paid_content":false,"footnotes":""},"categories":[1],"tags":[58,653,570,292,769,252,413,768,770,771,412,408],"class_list":["post-2244","post","type-post","status-publish","format-standard","hentry","category-uncategorised","tag-africa","tag-congo","tag-defence","tag-development","tag-fardc","tag-france","tag-g5","tag-health","tag-monusco","tag-rd-congo","tag-sahel","tag-security"],"jetpack_featured_media_url":"","jetpack_sharing_enabled":true,"_links":{"self":[{"href":"https:\/\/francophone.port.ac.uk\/index.php?rest_route=\/wp\/v2\/posts\/2244","targetHints":{"allow":["GET"]}}],"collection":[{"href":"https:\/\/francophone.port.ac.uk\/index.php?rest_route=\/wp\/v2\/posts"}],"about":[{"href":"https:\/\/francophone.port.ac.uk\/index.php?rest_route=\/wp\/v2\/types\/post"}],"author":[{"embeddable":true,"href":"https:\/\/francophone.port.ac.uk\/index.php?rest_route=\/wp\/v2\/users\/9"}],"replies":[{"embeddable":true,"href":"https:\/\/francophone.port.ac.uk\/index.php?rest_route=%2Fwp%2Fv2%2Fcomments&post=2244"}],"version-history":[{"count":1,"href":"https:\/\/francophone.port.ac.uk\/index.php?rest_route=\/wp\/v2\/posts\/2244\/revisions"}],"predecessor-version":[{"id":2245,"href":"https:\/\/francophone.port.ac.uk\/index.php?rest_route=\/wp\/v2\/posts\/2244\/revisions\/2245"}],"wp:attachment":[{"href":"https:\/\/francophone.port.ac.uk\/index.php?rest_route=%2Fwp%2Fv2%2Fmedia&parent=2244"}],"wp:term":[{"taxonomy":"category","embeddable":true,"href":"https:\/\/francophone.port.ac.uk\/index.php?rest_route=%2Fwp%2Fv2%2Fcategories&post=2244"},{"taxonomy":"post_tag","embeddable":true,"href":"https:\/\/francophone.port.ac.uk\/index.php?rest_route=%2Fwp%2Fv2%2Ftags&post=2244"}],"curies":[{"name":"wp","href":"https:\/\/api.w.org\/{rel}","templated":true}]}}