{"id":2267,"date":"2019-06-10T10:36:16","date_gmt":"2019-06-10T09:36:16","guid":{"rendered":"http:\/\/francophone.port.ac.uk\/?p=2267"},"modified":"2019-06-10T10:36:21","modified_gmt":"2019-06-10T09:36:21","slug":"mali-lattaque-dogossagou-pourrait-etre-qualifiee-de-crime-contre-lhumanite-onu","status":"publish","type":"post","link":"https:\/\/francophone.port.ac.uk\/?p=2267","title":{"rendered":"Mali : l\u2019attaque d\u2019Ogossagou pourrait \u00eatre qualifi\u00e9e de crime contre l\u2019humanit\u00e9 (ONU)"},"content":{"rendered":"\n<p> La Mission multidimensionnelle int\u00e9gr\u00e9e des Nations Unies pour la stabilisation au Mali (MINUSMA) a publi\u00e9\u00a0les conclusions pr\u00e9liminaires de la mission d\u2019enqu\u00eate sp\u00e9ciale sur les graves atteintes aux droits de l\u2019homme commises \u00e0 Ogossagou, dans la r\u00e9gion de Mopti\u00a0le 23 mars dernier. <\/p>\n\n\n\n<p>\u00ab&nbsp;Au terme de l\u2019enqu\u00eate, la MINUSMA est en mesure de conclure que le samedi 23 mars 2019, aux alentours de 5h du matin, un groupe compos\u00e9 d\u2019au moins une centaine d\u2019hommes arm\u00e9s, identifi\u00e9s comme des chasseurs traditionnels (dozos) et accompagn\u00e9s par une dizaine d\u2019hommes en tenue militaire et d\u2019autres en tenue civile, a men\u00e9 une attaque planifi\u00e9e, organis\u00e9e et coordonn\u00e9e sur la partie peule du village d\u2019Ogossagou&nbsp;\u00bb, a d\u00e9clar\u00e9 la Mission dans un communiqu\u00e9 de presse.<\/p>\n\n\n\n<blockquote class=\"wp-block-quote is-layout-flow wp-block-quote-is-layout-flow\"><p><em>Le groupe de chasseurs, sup\u00e9rieurs en nombre et en puissance de feu, a continu\u00e9 d\u2019avancer sur le village, tuant de mani\u00e8re indiscrimin\u00e9e hommes, femmes et enfants<\/em><\/p><\/blockquote>\n\n\n\n<p>Selon la MINUSMA, l\u2019attaque a donn\u00e9 lieu \u00e0 une confrontation arm\u00e9e ayant oppos\u00e9 les dozos aux \u00e9l\u00e9ments arm\u00e9s peuls faisant partie d\u2019un rassemblement de candidats au processus de \u00ab d\u00e9sarmement volontaire \u00bb, install\u00e9s dans le village et qui s\u2019\u00e9taient constitu\u00e9s de facto en groupe d\u2019auto-d\u00e9fense.<\/p>\n\n\n\n<p>Le groupe de chasseurs, sup\u00e9rieurs en nombre et en puissance de feu, a continu\u00e9 d\u2019avancer sur le village, tuant de mani\u00e8re indiscrimin\u00e9e hommes, femmes et enfants, et incendiant les maisons \u00e0 l\u2019aide de torches et autres combustibles pr\u00e9par\u00e9s \u00e0 cet effet.<\/p>\n\n\n\n<p>Au cours de l\u2019attaque,&nbsp;<strong>les assaillants ont tu\u00e9 au moins 157 membres&nbsp;de la communaut\u00e9 peule<\/strong>, dont au moins 12 individus appartenant au groupe d\u2019auto-d\u00e9fense. Parmi les victimes, la Mission a not\u00e9 la pr\u00e9sence de d\u00e9plac\u00e9s peuls qui avaient fui les violences dans d\u2019autres localit\u00e9s du cercle de Bankass (r\u00e9gion de Mopti), y compris des survivants de l\u2019attaque de la partie peule du village de Koulogon du 1er janvier 2019.<\/p>\n\n\n\n<p>L\u2019enqu\u00eate a permis de d\u00e9montrer que les assaillants ont tu\u00e9 par balle une majorit\u00e9 des victimes, dont des femmes et des enfants. Les dozos ont \u00e9galement incendi\u00e9 au moins 220 cases dont certaines dans lesquelles les villageois s\u2019\u00e9taient r\u00e9fugi\u00e9s.<\/p>\n\n\n\n<p>L\u2019\u00e9quipe a pu localiser et confirmer l\u2019existence d\u2019au moins trois fosses communes contenant au moins 40 corps dans chacune des deux premi\u00e8res, et au moins 70 corps dans la troisi\u00e8me. \u00c9galement, au cours de l\u2019attaque, 65 personnes ont \u00e9t\u00e9 bless\u00e9es par balle, arme blanche ou d\u2019autres moyens physiques. Quarante-trois personnes, dont 17 enfants, ont \u00e9t\u00e9 prises en charge \u00e0 l\u2019h\u00f4pital de S\u00e9var\u00e9 o\u00f9 l\u2019\u00e9quipe s\u2019est rendue.<\/p>\n\n\n\n<p>La MINUSMA a d\u00e9ploy\u00e9 une mission d\u2019enqu\u00eate sp\u00e9ciale pour \u00e9tablir les faits, examiner les circonstances et l\u2019envergure de l\u2019attaque, en identifier les auteurs et situer les responsabilit\u00e9s des acteurs impliqu\u00e9s, qui s\u2019est d\u00e9roul\u00e9e, du 25 au 29 mars 2019, suite aux all\u00e9gations de graves atteintes aux droits de l\u2019homme.<\/p>\n\n\n\n<figure class=\"wp-block-image\"><img decoding=\"async\" src=\"https:\/\/global.unitednations.entermediadb.net\/assets\/mediadb\/services\/module\/asset\/downloads\/preset\/assets\/2019\/03\/23-03-2019_MINUSMA-SC6.jpg\/image1170x530cropped.jpg\" alt=\"\"\/><\/figure>\n\n\n\n<p>MINUSMA\/Harandane DickoLors d&#8217;une mission de terrain le Conseil de s\u00e9curit\u00e9 des Nations Unies et la MINUSMA ont condamn\u00e9 le massacre perp\u00e9tr\u00e9 samedi 23 mars 2019 dans le village peul d&#8217;Ogossagou, dans le centre du Mali.<\/p>\n\n\n\n<h3 class=\"wp-block-heading\"><strong>Tenir les auteurs des atrocit\u00e9s responsables devant la justice<\/strong><\/h3>\n\n\n\n<p>\u00ab Je suis profond\u00e9ment choqu\u00e9 par la cruaut\u00e9 de ces actes abominables commis \u00e0 l\u2019endroit de la population civile, en particulier les femmes et les enfants. Les auteurs de telles atrocit\u00e9s doivent \u00eatre tenus responsables de leurs actes devant la justice \u00bb, a d\u00e9clar\u00e9 le Repr\u00e9sentant sp\u00e9cial du Secr\u00e9taire g\u00e9n\u00e9ral au Mali et chef de la MINUSMA, Mahamat Saleh Annadif.<\/p>\n\n\n\n<blockquote class=\"wp-block-quote is-layout-flow wp-block-quote-is-layout-flow\"><p><em>L\u2019attaque d\u2019Ogossagou n\u2019est pas un cas isol\u00e9<\/em><\/p><\/blockquote>\n\n\n\n<p>Malgr\u00e9 son ampleur, cet incident n\u2019est pas isol\u00e9 mais s\u2019inscrit dans un contexte d\u2019accentuation progressive des violences sur fond de tensions communautaires dans la r\u00e9gion de Mopti, o\u00f9 des groupes d\u2019auto-d\u00e9fense communautaire, poss\u00e9dant des armes de guerre, continuent d\u2019agir en toute impunit\u00e9.<\/p>\n\n\n\n<p>Selon la MINUSMA, dans le seul cercle de Bankass, plus de 37 cas d\u2019atteintes aux droits de l\u2019homme ayant caus\u00e9 la mort d\u2019au moins 115 personnes, sont attribuables \u00e0 ces groupes depuis novembre 2018, y compris lors des attaques perp\u00e9tr\u00e9es par des groupes de chasseurs traditionnels \u00e0 l\u2019encontre de civils, dans les parties peules des villages de Koulogon, Minima Maoud\u00e9 ou encore Lib\u00e9, entre janvier et f\u00e9vrier 2019.<\/p>\n\n\n\n<h3 class=\"wp-block-heading\"><strong>Il pourrait s\u2019agir de crimes contre l\u2019humanit\u00e9<\/strong><\/h3>\n\n\n\n<p>Selon la Division des droits de l\u2019homme et de la protection de la MINUSMA, l\u2019impunit\u00e9 dont b\u00e9n\u00e9ficient les groupes d\u2019auto-d\u00e9fense depuis un certain moment au centre du Mali alimente davantage le cycle des violences et d\u2019atteintes aux droits de l\u2019homme commises \u00e0 l\u2019\u00e9gard des populations civiles.<\/p>\n\n\n\n<p>L\u2019attaque planifi\u00e9e, organis\u00e9e, et coordonn\u00e9e sur la partie peule du village d\u2019Ogossagou s\u2019inscrivait dans un contexte de nombreuses autres attaques similaires par des groupes de chasseurs traditionnels, \u00e0 l\u2019encontre des populations peules.<\/p>\n\n\n\n<p>Ainsi, les atteintes aux droits de l\u2019homme document\u00e9es \u00e0 Ogossagou, prises dans leur contexte, pourraient \u00eatre qualifi\u00e9es de crimes contre l\u2019humanit\u00e9, s\u2019il est d\u00e9montr\u00e9 que cette attaque s\u2019inscrivait dans le contexte d\u2019une attaque syst\u00e9matique ou g\u00e9n\u00e9ralis\u00e9e contre la population civile et jug\u00e9s par un tribunal comp\u00e9tent, en vertu du droit international p\u00e9nal, particuli\u00e8rement l\u2019article 7 du Statut de Rome.<\/p>\n\n\n\n<p>\u00ab L\u2019\u00e9motion suscit\u00e9e par cette horrible trag\u00e9die n\u2019aura de sens que si la chaine judicaire se d\u00e9clenche de fa\u00e7on prompte et efficace pour mettre fin \u00e0 l\u2019impunit\u00e9. Le r\u00e9tablissement de la paix et de la coh\u00e9sion sociale au Mali est \u00e0 ce prix \u00bb, a conclu Mahamat Saleh Annadif.<\/p>\n\n\n\n<p>Originally published on <a href=\"https:\/\/news.un.org\/fr\/story\/2019\/05\/1042561\"><strong>ONU Info<\/strong><\/a><\/p>\n","protected":false},"excerpt":{"rendered":"<p>La Mission multidimensionnelle int\u00e9gr\u00e9e des Nations Unies pour la stabilisation au Mali (MINUSMA) a publi\u00e9\u00a0les conclusions pr\u00e9liminaires de la mission d\u2019enqu\u00eate sp\u00e9ciale sur les graves atteintes aux droits de l\u2019homme commises \u00e0 Ogossagou, dans la r\u00e9gion de Mopti\u00a0le 23 mars &hellip; <a href=\"https:\/\/francophone.port.ac.uk\/?p=2267\">Continue reading <span class=\"meta-nav\">&rarr;<\/span><\/a><\/p>\n","protected":false},"author":9,"featured_media":0,"comment_status":"open","ping_status":"open","sticky":false,"template":"","format":"standard","meta":{"jetpack_post_was_ever_published":false,"_jetpack_newsletter_access":"","_jetpack_dont_email_post_to_subs":false,"_jetpack_newsletter_tier_id":0,"_jetpack_memberships_contains_paywalled_content":false,"_jetpack_memberships_contains_paid_content":false,"footnotes":""},"categories":[1],"tags":[774,72,71,773,552,56,420],"class_list":["post-2267","post","type-post","status-publish","format-standard","hentry","category-uncategorised","tag-attacks","tag-mali","tag-minusma","tag-onu","tag-un","tag-united-nations","tag-violence"],"jetpack_featured_media_url":"","jetpack_sharing_enabled":true,"_links":{"self":[{"href":"https:\/\/francophone.port.ac.uk\/index.php?rest_route=\/wp\/v2\/posts\/2267","targetHints":{"allow":["GET"]}}],"collection":[{"href":"https:\/\/francophone.port.ac.uk\/index.php?rest_route=\/wp\/v2\/posts"}],"about":[{"href":"https:\/\/francophone.port.ac.uk\/index.php?rest_route=\/wp\/v2\/types\/post"}],"author":[{"embeddable":true,"href":"https:\/\/francophone.port.ac.uk\/index.php?rest_route=\/wp\/v2\/users\/9"}],"replies":[{"embeddable":true,"href":"https:\/\/francophone.port.ac.uk\/index.php?rest_route=%2Fwp%2Fv2%2Fcomments&post=2267"}],"version-history":[{"count":1,"href":"https:\/\/francophone.port.ac.uk\/index.php?rest_route=\/wp\/v2\/posts\/2267\/revisions"}],"predecessor-version":[{"id":2268,"href":"https:\/\/francophone.port.ac.uk\/index.php?rest_route=\/wp\/v2\/posts\/2267\/revisions\/2268"}],"wp:attachment":[{"href":"https:\/\/francophone.port.ac.uk\/index.php?rest_route=%2Fwp%2Fv2%2Fmedia&parent=2267"}],"wp:term":[{"taxonomy":"category","embeddable":true,"href":"https:\/\/francophone.port.ac.uk\/index.php?rest_route=%2Fwp%2Fv2%2Fcategories&post=2267"},{"taxonomy":"post_tag","embeddable":true,"href":"https:\/\/francophone.port.ac.uk\/index.php?rest_route=%2Fwp%2Fv2%2Ftags&post=2267"}],"curies":[{"name":"wp","href":"https:\/\/api.w.org\/{rel}","templated":true}]}}