{"id":2274,"date":"2019-06-12T10:10:53","date_gmt":"2019-06-12T09:10:53","guid":{"rendered":"http:\/\/francophone.port.ac.uk\/?p=2274"},"modified":"2019-06-12T10:10:57","modified_gmt":"2019-06-12T09:10:57","slug":"le-soudan-et-lalgerie-reprennent-ils-le-flambeau-du-printemps-arabe","status":"publish","type":"post","link":"https:\/\/francophone.port.ac.uk\/?p=2274","title":{"rendered":"Le Soudan et l\u2019Alg\u00e9rie reprennent-ils le flambeau du \u00ab printemps arabe \u00bb ?"},"content":{"rendered":"\n<p><em>Les mouvements populaires qui s\u2019opposent aux r\u00e9gimes alg\u00e9rien et soudanais tranchent avec la r\u00e9gression contre-r\u00e9volutionnaire que conna\u00eet le monde arabe depuis\u00a02011-2012. Dans les deux cas, des pouvoirs b\u00e2tis autour d\u2019une charpente militaire ne peuvent pr\u00e9tendre mener eux-m\u00eames une transition destin\u00e9e \u00e0 \u00e9liminer leur emprise sur l\u2019\u00c9tat et ses ressources. <\/em><\/p>\n\n\n\n<p>Ces&nbsp;derniers mois, les nouvelles en provenance de l\u2019espace arabophone ont \u00e9t\u00e9 \u00e0 nouveau domin\u00e9es par des images de mobilisations populaires rappelant l\u2019onde de choc r\u00e9volutionnaire qui avait secou\u00e9 la r\u00e9gion en&nbsp;2011. Des soul\u00e8vements se sont enclench\u00e9s au Soudan, le 19&nbsp;d\u00e9cembre&nbsp;2018, et en Alg\u00e9rie, avec les grandes marches du vendredi&nbsp;22&nbsp;f\u00e9vrier&nbsp;2019. En une illustration frappante de la th\u00e9orie des dominos, ils ont ranim\u00e9 le souvenir de la premi\u00e8re phase, massive et pacifique, des bouleversements que connurent, il y a huit ans, six autres pays de la r\u00e9gion&nbsp;: la Tunisie, l\u2019\u00c9gypte, Bahre\u00efn, le Y\u00e9men, la Libye et la Syrie.<\/p>\n\n\n\n<p>Cette fois, cependant, les commentateurs ont manifest\u00e9 davantage de circonspection, formulant pour la plupart leurs jugements sur un mode interrogatif, \u00e0 l\u2019instar du titre du pr\u00e9sent article. La raison en est l\u2019am\u00e8re d\u00e9sillusion qui avait suivi l\u2019euphorie du \u00ab&nbsp;printemps arabe&nbsp;\u00bb de&nbsp;2011. La r\u00e9pression du soul\u00e8vement bahre\u00efni, quelques semaines apr\u00e8s son d\u00e9clenchement, avec la participation des autres monarchies p\u00e9troli\u00e8res du Conseil de coop\u00e9ration du Golfe (CCG), aurait pu faire figure d\u2019exception, compte tenu de la nature tr\u00e8s particuli\u00e8re de ce club \u00e9tatique. Mais, deux ans plus tard, la r\u00e9gion dans son ensemble basculait dans une phase de reflux contre-r\u00e9volutionnaire, avec une nouvelle r\u00e9action en cha\u00eene\u2026 en sens inverse.<\/p>\n\n\n\n<p>\u00c0 l\u2019offensive lanc\u00e9e au printemps\u00a02013 en Syrie par M.\u00a0Bachar Al-Assad avec l\u2019aide de l\u2019Iran et de ses auxiliaires r\u00e9gionaux ont succ\u00e9d\u00e9 l\u2019instauration d\u2019un ordre muscl\u00e9 sous l\u2019\u00e9gide des militaires en \u00c9gypte, puis le retour d\u2019une partie des hommes de l\u2019ancien pouvoir en Tunisie. Entre-temps, dans ces deux pays, l\u2019\u00e9lan r\u00e9volutionnaire initial avait \u00e9t\u00e9 confisqu\u00e9 par des forces appartenant \u00e0 la mouvance des Fr\u00e8res musulmans. Enhardis, les reliquats de l\u2019ancien r\u00e9gime en Libye et au Y\u00e9men ont nou\u00e9 des alliances opportunistes avec des groupes qui avaient pris le train de la r\u00e9volution en marche et qui, comme eux, \u00e9taient hostiles aux Fr\u00e8res musulmans, afin de tenter\u00a0(&#8230;)<\/p>\n\n\n\n<p>Read more on <a href=\"https:\/\/www.monde-diplomatique.fr\/2019\/06\/ACHCAR\/59941\"><strong>Le Monde <\/strong><\/a><em><a href=\"https:\/\/www.monde-diplomatique.fr\/2019\/06\/ACHCAR\/59941\"><strong>diplomatique<\/strong><\/a><\/em><br><\/p>\n","protected":false},"excerpt":{"rendered":"<p>Les mouvements populaires qui s\u2019opposent aux r\u00e9gimes alg\u00e9rien et soudanais tranchent avec la r\u00e9gression contre-r\u00e9volutionnaire que conna\u00eet le monde arabe depuis\u00a02011-2012. Dans les deux cas, des pouvoirs b\u00e2tis autour d\u2019une charpente militaire ne peuvent pr\u00e9tendre mener eux-m\u00eames une transition destin\u00e9e &hellip; <a href=\"https:\/\/francophone.port.ac.uk\/?p=2274\">Continue reading <span class=\"meta-nav\">&rarr;<\/span><\/a><\/p>\n","protected":false},"author":9,"featured_media":0,"comment_status":"open","ping_status":"open","sticky":false,"template":"","format":"standard","meta":{"jetpack_post_was_ever_published":false,"_jetpack_newsletter_access":"","_jetpack_dont_email_post_to_subs":false,"_jetpack_newsletter_tier_id":0,"_jetpack_memberships_contains_paywalled_content":false,"_jetpack_memberships_contains_paid_content":false,"footnotes":""},"categories":[1],"tags":[],"class_list":["post-2274","post","type-post","status-publish","format-standard","hentry","category-uncategorised"],"jetpack_featured_media_url":"","jetpack_sharing_enabled":true,"_links":{"self":[{"href":"https:\/\/francophone.port.ac.uk\/index.php?rest_route=\/wp\/v2\/posts\/2274","targetHints":{"allow":["GET"]}}],"collection":[{"href":"https:\/\/francophone.port.ac.uk\/index.php?rest_route=\/wp\/v2\/posts"}],"about":[{"href":"https:\/\/francophone.port.ac.uk\/index.php?rest_route=\/wp\/v2\/types\/post"}],"author":[{"embeddable":true,"href":"https:\/\/francophone.port.ac.uk\/index.php?rest_route=\/wp\/v2\/users\/9"}],"replies":[{"embeddable":true,"href":"https:\/\/francophone.port.ac.uk\/index.php?rest_route=%2Fwp%2Fv2%2Fcomments&post=2274"}],"version-history":[{"count":1,"href":"https:\/\/francophone.port.ac.uk\/index.php?rest_route=\/wp\/v2\/posts\/2274\/revisions"}],"predecessor-version":[{"id":2275,"href":"https:\/\/francophone.port.ac.uk\/index.php?rest_route=\/wp\/v2\/posts\/2274\/revisions\/2275"}],"wp:attachment":[{"href":"https:\/\/francophone.port.ac.uk\/index.php?rest_route=%2Fwp%2Fv2%2Fmedia&parent=2274"}],"wp:term":[{"taxonomy":"category","embeddable":true,"href":"https:\/\/francophone.port.ac.uk\/index.php?rest_route=%2Fwp%2Fv2%2Fcategories&post=2274"},{"taxonomy":"post_tag","embeddable":true,"href":"https:\/\/francophone.port.ac.uk\/index.php?rest_route=%2Fwp%2Fv2%2Ftags&post=2274"}],"curies":[{"name":"wp","href":"https:\/\/api.w.org\/{rel}","templated":true}]}}