{"id":2276,"date":"2019-06-13T13:58:50","date_gmt":"2019-06-13T12:58:50","guid":{"rendered":"http:\/\/francophone.port.ac.uk\/?p=2276"},"modified":"2019-06-13T13:58:54","modified_gmt":"2019-06-13T12:58:54","slug":"les-secrets-bien-gardes-des-archives-francaises-sur-le-genocide-au-rwanda","status":"publish","type":"post","link":"https:\/\/francophone.port.ac.uk\/?p=2276","title":{"rendered":"Les secrets bien gard\u00e9s des archives fran\u00e7aises sur le g\u00e9nocide au Rwanda"},"content":{"rendered":"\n<p><strong>Plusieurs fois promise, l&#8217;ouverture des archives fran\u00e7aises sur la p\u00e9riode du g\u00e9nocide au Rwanda reste sporadique et parcellaire, entretenant le soup\u00e7on sur l&#8217;attitude des autorit\u00e9s fran\u00e7aises de l&#8217;\u00e9poque, estiment des chercheurs.<\/strong><\/p>\n\n\n\n<p>Les zones d&#8217;ombres sur le r\u00f4le de la France avant, pendant et apr\u00e8s ce g\u00e9nocide qui fit au moins 800.000 morts en cent jours selon l&#8217;ONU, essentiellement au sein de la minorit\u00e9 tutsi, restent une source r\u00e9currente de pol\u00e9mique dans le pays, un abc\u00e8s purulent.<\/p>\n\n\n\n<p>Les archives pourraient-elles permettre d&#8217;\u00e9claircir les points les plus disput\u00e9s, telle l&#8217;ampleur de l&#8217;assistance militaire apport\u00e9e par la France au r\u00e9gime du pr\u00e9sident rwandais hutu Juv\u00e9nal Habyarimana de 1990 \u00e0 1994 ou les circonstances de l&#8217;attentat qui co\u00fbta la vie \u00e0 ce m\u00eame pr\u00e9sident le 6 avril 1994 et d\u00e9clencha le g\u00e9nocide ?<\/p>\n\n\n\n<p>Les experts qui travaillent sur ces th\u00e8mes soulignent d&#8217;une m\u00eame voix qu&#8217;ils ne sont pas &#8220;na\u00effs&#8221; et savent que beaucoup de documents ont \u00e9t\u00e9 &#8220;expurg\u00e9s&#8221;, voire d\u00e9truits.<\/p>\n\n\n\n<p>&#8220;Lors de la mission d&#8217;enqu\u00eate parlementaire sur le Rwanda en 1998 (&#8230;), quand vous alliez au minist\u00e8re de la Coop\u00e9ration, toutes les chemin\u00e9es \u00e9taient en activit\u00e9&#8221;, grince un chercheur.<\/p>\n\n\n\n<p>&#8220;A la suite de l&#8217;annonce du pr\u00e9sident Fran\u00e7ois Hollande sur la d\u00e9classification des archives du fond Fran\u00e7ois Mitterrand en 2015, j&#8217;ai fait une demande. J&#8217;ai eu droit \u00e0 quelques documents qui \u00e9taient connus par ailleurs et pour certains publics. Donc sans int\u00e9r\u00eat&#8221;, regrette H\u00e9l\u00e8ne Dumas, historienne sp\u00e9cialiste du g\u00e9nocide des Tutsi, charg\u00e9e de recherche au Centre national de recherche scientifique (CNRS).<\/p>\n\n\n\n<p><strong>&#8211; Engagements pr\u00e9sidentiels &#8211;<\/strong><\/p>\n\n\n\n<p>Gestionnaire des archives de M. Mitterrand, cl\u00e9 de compr\u00e9hension essentielle au vu du r\u00f4le central du pr\u00e9sident d&#8217;alors, \u00e0 la fois chef des Arm\u00e9es et patron de la politique \u00e9trang\u00e8re, Dominique Bertinotti continue de s&#8217;opposer \u00e0 la divulgation de nombreux documents.<\/p>\n\n\n\n<p>Cit\u00e9 dans &#8220;Rwanda, ils parlent&#8221;, livre-enqu\u00eate fouill\u00e9 du journaliste de La Croix Laurent Larcher, l&#8217;actuel conseiller Afrique d&#8217;Emmanuel Macron, Franck Paris, reconna\u00eet qu&#8217;un &#8220;travail de passage en revue des archives&#8221; pr\u00e9sidentielles a \u00e9t\u00e9 effectu\u00e9 avant leur d\u00e9classification tr\u00e8s partielle.<\/p>\n\n\n\n<p>Cet acc\u00e8s facilit\u00e9 aux archives fran\u00e7aises, deux pr\u00e9sidents l&#8217;ont pourtant solennellement promis: outre Fran\u00e7ois Hollande, Emmanuel Macron s&#8217;y \u00e9tait engag\u00e9 en mai 2018, lorsqu&#8217;il avait re\u00e7u le pr\u00e9sident rwandais Paul Kagame \u00e0 l&#8217;Elys\u00e9e.<\/p>\n\n\n\n<p>&#8220;Un travail de d\u00e9classification a \u00e9t\u00e9 engag\u00e9, je ferai en sorte qu&#8217;il se poursuive&#8221;, avait alors d\u00e9clar\u00e9 le pr\u00e9sident fran\u00e7ais.<\/p>\n\n\n\n<p>Des dizaines de milliers de documents, stock\u00e9s dans divers fonds, pourraient \u00eatre concern\u00e9s: archives de la pr\u00e9sidence, documents personnels de Fran\u00e7ois Mitterrand et de ses ministres, notes de la DGSE (Direction g\u00e9n\u00e9rale de la s\u00e9curit\u00e9 ext\u00e9rieure), rapports du renseignement militaire, analyses des minist\u00e8res des Affaires \u00e9trang\u00e8res et de la D\u00e9fense&#8230;<\/p>\n\n\n\n<p>Pour tenter de tirer un fil d&#8217;Ariane dans ce labyrinthe, le pr\u00e9sident Macron doit d\u00e9voiler vendredi, \u00e0 quelques jours du 25e anniversaire du d\u00e9clenchement du g\u00e9nocide, la composition d&#8217;un &#8220;groupe de chercheurs&#8221; charg\u00e9 d&#8217;examiner les archives qui pourront l&#8217;\u00eatre.<\/p>\n\n\n\n<p>Read more on <a href=\"https:\/\/www.levif.be\/actualite\/international\/les-secrets-bien-gardes-des-archives-francaises-sur-le-genocide-au-rwanda\/article-news-1117037.html?cookie_check=1560430593\"><strong>LE VIF<\/strong><\/a><\/p>\n\n\n\n<p>Sent by <strong>Edouard Bustin<\/strong><\/p>\n","protected":false},"excerpt":{"rendered":"<p>Plusieurs fois promise, l&#8217;ouverture des archives fran\u00e7aises sur la p\u00e9riode du g\u00e9nocide au Rwanda reste sporadique et parcellaire, entretenant le soup\u00e7on sur l&#8217;attitude des autorit\u00e9s fran\u00e7aises de l&#8217;\u00e9poque, estiment des chercheurs. Les zones d&#8217;ombres sur le r\u00f4le de la France &hellip; <a href=\"https:\/\/francophone.port.ac.uk\/?p=2276\">Continue reading <span class=\"meta-nav\">&rarr;<\/span><\/a><\/p>\n","protected":false},"author":9,"featured_media":0,"comment_status":"open","ping_status":"open","sticky":false,"template":"","format":"standard","meta":{"jetpack_post_was_ever_published":false,"_jetpack_newsletter_access":"","_jetpack_dont_email_post_to_subs":false,"_jetpack_newsletter_tier_id":0,"_jetpack_memberships_contains_paywalled_content":false,"_jetpack_memberships_contains_paid_content":false,"footnotes":""},"categories":[1],"tags":[],"class_list":["post-2276","post","type-post","status-publish","format-standard","hentry","category-uncategorised"],"jetpack_featured_media_url":"","jetpack_sharing_enabled":true,"_links":{"self":[{"href":"https:\/\/francophone.port.ac.uk\/index.php?rest_route=\/wp\/v2\/posts\/2276","targetHints":{"allow":["GET"]}}],"collection":[{"href":"https:\/\/francophone.port.ac.uk\/index.php?rest_route=\/wp\/v2\/posts"}],"about":[{"href":"https:\/\/francophone.port.ac.uk\/index.php?rest_route=\/wp\/v2\/types\/post"}],"author":[{"embeddable":true,"href":"https:\/\/francophone.port.ac.uk\/index.php?rest_route=\/wp\/v2\/users\/9"}],"replies":[{"embeddable":true,"href":"https:\/\/francophone.port.ac.uk\/index.php?rest_route=%2Fwp%2Fv2%2Fcomments&post=2276"}],"version-history":[{"count":1,"href":"https:\/\/francophone.port.ac.uk\/index.php?rest_route=\/wp\/v2\/posts\/2276\/revisions"}],"predecessor-version":[{"id":2277,"href":"https:\/\/francophone.port.ac.uk\/index.php?rest_route=\/wp\/v2\/posts\/2276\/revisions\/2277"}],"wp:attachment":[{"href":"https:\/\/francophone.port.ac.uk\/index.php?rest_route=%2Fwp%2Fv2%2Fmedia&parent=2276"}],"wp:term":[{"taxonomy":"category","embeddable":true,"href":"https:\/\/francophone.port.ac.uk\/index.php?rest_route=%2Fwp%2Fv2%2Fcategories&post=2276"},{"taxonomy":"post_tag","embeddable":true,"href":"https:\/\/francophone.port.ac.uk\/index.php?rest_route=%2Fwp%2Fv2%2Ftags&post=2276"}],"curies":[{"name":"wp","href":"https:\/\/api.w.org\/{rel}","templated":true}]}}