{"id":2283,"date":"2019-06-19T12:43:27","date_gmt":"2019-06-19T11:43:27","guid":{"rendered":"http:\/\/francophone.port.ac.uk\/?p=2283"},"modified":"2019-06-19T12:43:34","modified_gmt":"2019-06-19T11:43:34","slug":"a-lonu-le-burkina-demande-une-coalition-internationale-antiterroriste-pour-le-sahel","status":"publish","type":"post","link":"https:\/\/francophone.port.ac.uk\/?p=2283","title":{"rendered":"A l\u2019ONU, le Burkina demande \u00ab une coalition internationale \u00bb antiterroriste pour le Sahel"},"content":{"rendered":"\n<p>Face \u00e0 la d\u00e9t\u00e9rioration rapide de la s\u00e9curit\u00e9 dans la r\u00e9gion, la Force G5 Sahel a demand\u00e9 au Conseil de s\u00e9curit\u00e9 \u00ab\u00a0la m\u00eame d\u00e9termination qu\u2019en Irak et en Afghanistan\u00a0\u00bb. <\/p>\n\n\n\n<p>La lutte contre le terrorisme et la criminalit\u00e9 au Sahel&nbsp;<em>\u00ab&nbsp;est une responsabilit\u00e9 collective&nbsp;\u00bb<\/em>&nbsp;et&nbsp;<em>\u00ab&nbsp;il est temps que la communaut\u00e9 internationale envisage la cr\u00e9ation d\u2019une coalition internationale&nbsp;\u00bb<\/em>, a affirm\u00e9, jeudi 16 mai, au Conseil de s\u00e9curit\u00e9 le chef de la diplomatie du Burkina Faso. Ces fl\u00e9aux doivent&nbsp;<em>\u00ab&nbsp;\u00eatre trait\u00e9s avec la m\u00eame d\u00e9termination que celle qui a pr\u00e9valu en Irak et en Afghanistan&nbsp;\u00bb<\/em>, a estim\u00e9 Alpha Barry, qui s\u2019exprimait au nom des cinq pays membres de la Force G5 Sahel (Burkina, Niger, Tchad, Mauritanie et Mali).<\/p>\n\n\n\n<p><em>\u00ab\u00a0Les Etats membres du G5 Sahel n\u2019y arriveront pas tout seuls\u00a0\u00bb<\/em>, a insist\u00e9 le ministre, en \u00e9voquant\u00a0<em>\u00ab\u00a0une lutte pour<\/em>\u00a0[leur]\u00a0<em>survie\u00a0\u00bb<\/em>\u00a0et en rappelant les \u00e9v\u00e9nements de ces derni\u00e8res semaines : prise en otages de Fran\u00e7ais, assassinats dans des \u00e9glises, d\u00e9c\u00e8s mardi de 28\u00a0soldats nig\u00e9riens. Au Sahel,\u00a0<em>\u00ab\u00a0les groupes terroristes (&#8230;) restent toujours forts et (&#8230;) partout la menace gagne du terrain\u00a0\u00bb<\/em>, a estim\u00e9 le ministre burkinab\u00e9. Alpha Barry a aussi r\u00e9clam\u00e9 \u00e0 la communaut\u00e9 internationale d\u2019afficher\u00a0<em>\u00ab\u00a0une position claire quant \u00e0 la r\u00e9solution de la crise libyenne\u00a0\u00bb<\/em>, alors que le pays\u00a0<em>\u00ab\u00a0reste un sanctuaire d\u2019incubation\u00a0\u00bb<\/em>pour des\u00a0<em>\u00ab\u00a0terroristes et criminels de tout ordre\u00a0\u00bb<\/em>.<\/p>\n\n\n\n<p>Secr\u00e9taire g\u00e9n\u00e9rale adjointe de l\u2019ONU pour l\u2019Afrique, Bintou Keita a aussi consid\u00e9r\u00e9 que&nbsp;<em>\u00ab&nbsp;la Force conjointe G5 Sahel ne pouvait pas affronter seule la charge du combat contre le terrorisme et la stabilisation de la r\u00e9gion&nbsp;\u00bb<\/em>. Elle a demand\u00e9 au Conseil de s\u00e9curit\u00e9 d\u2019\u00e9largir le soutien logistique de l\u2019ONU \u00e0 cette force antidjihadiste lanc\u00e9e formellement depuis deux ans mais qui souffre toujours d\u2019un manque d\u2019\u00e9quipement et d\u2019une op\u00e9rationnalisation incompl\u00e8te.<\/p>\n\n\n\n<h2 class=\"wp-block-heading\">\u00ab&nbsp;Risque sans pr\u00e9c\u00e9dent&nbsp;\u00bb<\/h2>\n\n\n\n<p>Les Etats-Unis, qui privil\u00e9gient une approche bilat\u00e9rale, refusent toute implication plus forte de l\u2019ONU en soutien de cette unit\u00e9 multinationale de 5\u00a0000 militaires.<\/p>\n\n\n\n<p><em>\u00ab&nbsp;L\u2019assistance bilat\u00e9rale est le meilleur moyen d\u2019aider cette force&nbsp;\u00bb<\/em>, a r\u00e9p\u00e9t\u00e9 l\u2019ambassadeur am\u00e9ricain adjoint, Jonathan Cohen. Il a pr\u00e9cis\u00e9 que l\u2019aide am\u00e9ricaine aux pays concern\u00e9s s\u2019\u00e9levait \u00e0 111 millions de dollars (99,3&nbsp;millions d\u2019euros).<\/p>\n\n\n\n<p>Comme la France, le diplomate am\u00e9ricain a reconnu que\u00a0<em>\u00ab\u00a0les conditions de s\u00e9curit\u00e9 continuent de se d\u00e9t\u00e9riorer\u00a0\u00bb<\/em>\u00a0au Sahel et que\u00a0<em>\u00ab\u00a0cette ins\u00e9curit\u00e9 a une incidence sur l\u2019ensemble de l\u2019Afrique de l\u2019Ouest\u00a0\u00bb<\/em>. Mais il a critiqu\u00e9 dans le m\u00eame temps les v\u00e9ll\u00e9it\u00e9s de certains au Conseil de s\u00e9curit\u00e9 \u00e0 vouloir renforcer l\u2019implication de l\u2019ONU dans la r\u00e9gion, y compris dans son soutien logistique qui devait \u00e0 l\u2019origine n\u2019\u00eatre qu\u2019une\u00a0<em>\u00ab\u00a0mesure temporaire\u00a0\u00bb<\/em>.<\/p>\n\n\n\n<p>La d\u00e9gradation de la situation&nbsp;<em>\u00ab&nbsp;fait peser un risque sans pr\u00e9c\u00e9dent sur la stabilit\u00e9 de l\u2019Afrique de l\u2019Ouest tout enti\u00e8re&nbsp;\u00bb<\/em>, a estim\u00e9 l\u2019ambassadeur fran\u00e7ais, Fran\u00e7ois Delattre, en appelant au contraire \u00e0&nbsp;<em>\u00ab&nbsp;renforcer le soutien multilat\u00e9ral&nbsp;\u00bb<\/em>&nbsp;\u00e0 la Force G5&nbsp;Sahel&nbsp;<em>\u00ab&nbsp;via l\u2019octroi d\u2019un mandat robuste&nbsp;\u00bb<\/em>&nbsp;par l\u2019ONU&nbsp;<em>\u00ab&nbsp;et la mise en \u0153uvre d\u2019un paquet logistique&nbsp;\u00bb<\/em>.<\/p>\n\n\n\n<p>Partageant le constat d\u2019une forte d\u00e9gradation, l\u2019ambassadeur russe adjoint Dmitri Polyanskiy a d\u00e9clar\u00e9 que la Russie n\u2019\u00e9tait pas oppos\u00e9e \u00e0\u00a0<em>\u00ab\u00a0un financement de la force conjointe provenant du budget ordinaire des Nations unies\u00a0\u00bb<\/em>.<\/p>\n\n\n\n<p>Originally published on <a href=\"https:\/\/www.lemonde.fr\/afrique\/article\/2019\/05\/17\/a-l-onu-le-burkina-demande-une-coalition-internationale-antiterroriste-pour-le-sahel_5463256_3212.html\"><strong>Le Monde<\/strong><\/a><\/p>\n\n\n\n<p><br><\/p>\n","protected":false},"excerpt":{"rendered":"<p>Face \u00e0 la d\u00e9t\u00e9rioration rapide de la s\u00e9curit\u00e9 dans la r\u00e9gion, la Force G5 Sahel a demand\u00e9 au Conseil de s\u00e9curit\u00e9 \u00ab\u00a0la m\u00eame d\u00e9termination qu\u2019en Irak et en Afghanistan\u00a0\u00bb. La lutte contre le terrorisme et la criminalit\u00e9 au Sahel&nbsp;\u00ab&nbsp;est une &hellip; <a href=\"https:\/\/francophone.port.ac.uk\/?p=2283\">Continue reading <span class=\"meta-nav\">&rarr;<\/span><\/a><\/p>\n","protected":false},"author":9,"featured_media":0,"comment_status":"open","ping_status":"open","sticky":false,"template":"","format":"standard","meta":{"jetpack_post_was_ever_published":false,"_jetpack_newsletter_access":"","_jetpack_dont_email_post_to_subs":false,"_jetpack_newsletter_tier_id":0,"_jetpack_memberships_contains_paywalled_content":false,"_jetpack_memberships_contains_paid_content":false,"footnotes":""},"categories":[1],"tags":[778,395,550,779,750,408,765,649,406,552],"class_list":["post-2283","post","type-post","status-publish","format-standard","hentry","category-uncategorised","tag-afghanistan","tag-crisis","tag-g5-sahel","tag-multilateral","tag-region","tag-security","tag-stability","tag-support","tag-terrorism","tag-un"],"jetpack_featured_media_url":"","jetpack_sharing_enabled":true,"_links":{"self":[{"href":"https:\/\/francophone.port.ac.uk\/index.php?rest_route=\/wp\/v2\/posts\/2283","targetHints":{"allow":["GET"]}}],"collection":[{"href":"https:\/\/francophone.port.ac.uk\/index.php?rest_route=\/wp\/v2\/posts"}],"about":[{"href":"https:\/\/francophone.port.ac.uk\/index.php?rest_route=\/wp\/v2\/types\/post"}],"author":[{"embeddable":true,"href":"https:\/\/francophone.port.ac.uk\/index.php?rest_route=\/wp\/v2\/users\/9"}],"replies":[{"embeddable":true,"href":"https:\/\/francophone.port.ac.uk\/index.php?rest_route=%2Fwp%2Fv2%2Fcomments&post=2283"}],"version-history":[{"count":1,"href":"https:\/\/francophone.port.ac.uk\/index.php?rest_route=\/wp\/v2\/posts\/2283\/revisions"}],"predecessor-version":[{"id":2284,"href":"https:\/\/francophone.port.ac.uk\/index.php?rest_route=\/wp\/v2\/posts\/2283\/revisions\/2284"}],"wp:attachment":[{"href":"https:\/\/francophone.port.ac.uk\/index.php?rest_route=%2Fwp%2Fv2%2Fmedia&parent=2283"}],"wp:term":[{"taxonomy":"category","embeddable":true,"href":"https:\/\/francophone.port.ac.uk\/index.php?rest_route=%2Fwp%2Fv2%2Fcategories&post=2283"},{"taxonomy":"post_tag","embeddable":true,"href":"https:\/\/francophone.port.ac.uk\/index.php?rest_route=%2Fwp%2Fv2%2Ftags&post=2283"}],"curies":[{"name":"wp","href":"https:\/\/api.w.org\/{rel}","templated":true}]}}