{"id":2285,"date":"2019-06-19T12:47:23","date_gmt":"2019-06-19T11:47:23","guid":{"rendered":"http:\/\/francophone.port.ac.uk\/?p=2285"},"modified":"2019-06-19T12:47:27","modified_gmt":"2019-06-19T11:47:27","slug":"adam-thiam-face-aux-violences-nos-etats-saheliens-tres-fragiles-peuvent-seffondrer-et-tres-rapidement","status":"publish","type":"post","link":"https:\/\/francophone.port.ac.uk\/?p=2285","title":{"rendered":"Adam Thiam: \u00ab Face aux violences, nos Etats sah\u00e9liens, tr\u00e8s fragiles, peuvent s\u2019effondrer, et tr\u00e8s rapidement \u00bb"},"content":{"rendered":"\n<p>Pour l\u2019intellectuel malien Adam Thiam, seuls le d\u00e9sarmement et &nbsp;la bonne gouvernance permettront au Mali et au Burkina Faso d\u2019enrayer&nbsp;la spirale des violences nourries&nbsp;par la prolif\u00e9ration des milices et l\u2019expansion djihadiste.<\/p>\n\n\n\n<figure class=\"wp-block-image\"><img decoding=\"async\" src=\"https:\/\/img.lemde.fr\/2019\/06\/13\/0\/0\/396\/389\/630\/0\/60\/0\/41bec53_UyPROkIicA548szanaoQZsY8.jpg\" alt=\"Adam Thiam.\"\/><figcaption>Adam Thiam. Courrier des Afriques<\/figcaption><\/figure>\n\n\n\n<p>Journaliste et consultant, Adam Thiam est sp\u00e9cialiste du centre du Mali. Auteur d\u2019un rapport de r\u00e9f\u00e9rence in\u00adtitul\u00e9&nbsp;<a href=\"https:\/\/www.hdcentre.org\/wp-content\/uploads\/2017\/03\/Centre-du-Mali-Enjeux-et-dangers-dune-crise-n%C3%A9glig%C3%A9e.pdf\">\u00ab&nbsp;Centre du Mali&nbsp;: enjeux et dangers d\u2019une crise n\u00e9glig\u00e9e&nbsp;\u00bb,<\/a>&nbsp;publi\u00e9 en&nbsp;2017 par le Centre pour le dialogue humanitaire, il a aussi \u00e9tudi\u00e9 les \u00adconflits et les questions de d\u00e9veloppement au Sahel. Cet intellectuel malien est par ailleurs un familier des arcanes politiques&nbsp;: ex-porte-parole de la commission de l\u2019Union africaine, il est actuellement conseiller de l\u2019ancien pr\u00e9sident de transition malien Dioncounda Traor\u00e9 (2012-2014).<\/p>\n\n\n\n<h3 class=\"wp-block-heading\">Au Mali, le nombre de civils tu\u00e9s dans des attaques a augment\u00e9 de 300&nbsp;% entre novembre&nbsp;2018 et mars&nbsp;2019, en majorit\u00e9 dans la r\u00e9gion du centre. Le Burkina Faso s\u2019embrase \u00e0 son tour. Comment expliquer cette flamb\u00e9e des violences&nbsp;?<\/h3>\n\n\n\n<p>La situation qui pr\u00e9vaut aujourd\u2019hui dans le centre du Mali d\u00e9coule de l\u2019offensive djihadiste qui avait \u00e9t\u00e9 lanc\u00e9e dans le nord, en\u00a02012. C\u2019est cette m\u00eame ann\u00e9e qu\u2019Amadou Koufa\u00a0<em>[aujourd\u2019hui chef djihadiste dans le centre du Mali]<\/em>\u00a0a \u00e9t\u00e9 recrut\u00e9, au nord, par Iyad Ag Ghali\u00a0<em>[principal leader djihadiste pour \u00adl\u2019ensemble du Sahel]<\/em>.<\/p>\n\n\n\n<p>Un de leurs projets \u00e9tait alors d\u2019annexer le centre du Mali. Ils ont \u00e9chou\u00e9, mais beaucoup de groupes arm\u00e9s islamistes sont rest\u00e9s dans la r\u00e9gion du centre ou se sont dispers\u00e9s vers le Burkina Faso. D\u2019ailleurs, au Burkina, Ibrahim Malam Dicko&nbsp;<em>[fondateur du groupe arm\u00e9 islamiste Ansaroul Islam]<\/em>&nbsp;a lui aussi \u00e9t\u00e9 form\u00e9 par Iyad Ag Ghali, qui a plac\u00e9 ses pions pour creuser son sillon.<\/p>\n\n\n\n<p>Ses combattants ont attendu que les op\u00e9rations militaires de 2013&nbsp;<em>[op\u00e9ration \u00ab&nbsp;Serval&nbsp;\u00bb men\u00e9e par l\u2019arm\u00e9e fran\u00e7aise]<\/em>&nbsp;se tassent. La suite a \u00e9t\u00e9 relativement facile pour eux. Il n\u2019y avait pas vraiment d\u2019Etat capable de les contrer, et ils ont pu avancer.<\/p>\n\n\n\n<blockquote class=\"wp-block-quote is-layout-flow wp-block-quote-is-layout-flow\"><p>Au Burkina Faso, les autorit\u00e9s ont favoris\u00e9 l\u2019implantation des milices&nbsp;<em>koglweogo<\/em>&nbsp;sur la base d\u2019un constat, valable aussi au Mali : dans cette guerre asym\u00e9trique qui d\u00e9stabilise les \u00c9tats, les troupes r\u00e9guli\u00e8res ne suffisent pas<\/p><\/blockquote>\n\n\n\n<h3 class=\"wp-block-heading\">Quel est le lien entre l\u2019offensive djihadiste de 2012 et les affrontements actuels entre milices d\u2019autod\u00e9fense qui se multiplient au Sahel&nbsp;?<\/h3>\n\n\n\n<p>La cr\u00e9ation de ces milices a \u00e9t\u00e9 une riposte au djihadisme. Au centre du Mali, ce ph\u00e9nom\u00e8ne est apparu, fin 2015, dans le sillage de l\u2019op\u00e9ration militaire \u00ab\u00a0Seno\u00a0\u00bb. L\u2019arm\u00e9e malienne a en effet commenc\u00e9 \u00e0 utiliser comme \u00e9claireurs des membres de la confr\u00e9rie traditionnelle des chasseurs\u00a0<em>[appartenant au peuple dogon]<\/em>\u00a0pour lutter contre les groupes arm\u00e9s islamistes.<\/p>\n\n\n\n<p>Read more on <a href=\"https:\/\/www.lemonde.fr\/international\/article\/2019\/06\/14\/face-aux-violences-nos-etats-saheliens-tres-fragiles-peuvent-s-effondrer-et-tres-rapidement_5476245_3210.html\"><strong>Le Monde<\/strong><\/a><\/p>\n","protected":false},"excerpt":{"rendered":"<p>Pour l\u2019intellectuel malien Adam Thiam, seuls le d\u00e9sarmement et &nbsp;la bonne gouvernance permettront au Mali et au Burkina Faso d\u2019enrayer&nbsp;la spirale des violences nourries&nbsp;par la prolif\u00e9ration des milices et l\u2019expansion djihadiste. Journaliste et consultant, Adam Thiam est sp\u00e9cialiste du centre &hellip; <a href=\"https:\/\/francophone.port.ac.uk\/?p=2285\">Continue reading <span class=\"meta-nav\">&rarr;<\/span><\/a><\/p>\n","protected":false},"author":9,"featured_media":0,"comment_status":"open","ping_status":"open","sticky":false,"template":"","format":"standard","meta":{"jetpack_post_was_ever_published":false,"_jetpack_newsletter_access":"","_jetpack_dont_email_post_to_subs":false,"_jetpack_newsletter_tier_id":0,"_jetpack_memberships_contains_paywalled_content":false,"_jetpack_memberships_contains_paid_content":false,"footnotes":""},"categories":[1],"tags":[780,424,72,408],"class_list":["post-2285","post","type-post","status-publish","format-standard","hentry","category-uncategorised","tag-disarmament","tag-jihadism","tag-mali","tag-security"],"jetpack_featured_media_url":"","jetpack_sharing_enabled":true,"_links":{"self":[{"href":"https:\/\/francophone.port.ac.uk\/index.php?rest_route=\/wp\/v2\/posts\/2285","targetHints":{"allow":["GET"]}}],"collection":[{"href":"https:\/\/francophone.port.ac.uk\/index.php?rest_route=\/wp\/v2\/posts"}],"about":[{"href":"https:\/\/francophone.port.ac.uk\/index.php?rest_route=\/wp\/v2\/types\/post"}],"author":[{"embeddable":true,"href":"https:\/\/francophone.port.ac.uk\/index.php?rest_route=\/wp\/v2\/users\/9"}],"replies":[{"embeddable":true,"href":"https:\/\/francophone.port.ac.uk\/index.php?rest_route=%2Fwp%2Fv2%2Fcomments&post=2285"}],"version-history":[{"count":1,"href":"https:\/\/francophone.port.ac.uk\/index.php?rest_route=\/wp\/v2\/posts\/2285\/revisions"}],"predecessor-version":[{"id":2286,"href":"https:\/\/francophone.port.ac.uk\/index.php?rest_route=\/wp\/v2\/posts\/2285\/revisions\/2286"}],"wp:attachment":[{"href":"https:\/\/francophone.port.ac.uk\/index.php?rest_route=%2Fwp%2Fv2%2Fmedia&parent=2285"}],"wp:term":[{"taxonomy":"category","embeddable":true,"href":"https:\/\/francophone.port.ac.uk\/index.php?rest_route=%2Fwp%2Fv2%2Fcategories&post=2285"},{"taxonomy":"post_tag","embeddable":true,"href":"https:\/\/francophone.port.ac.uk\/index.php?rest_route=%2Fwp%2Fv2%2Ftags&post=2285"}],"curies":[{"name":"wp","href":"https:\/\/api.w.org\/{rel}","templated":true}]}}