{"id":2297,"date":"2019-07-17T09:00:06","date_gmt":"2019-07-17T08:00:06","guid":{"rendered":"http:\/\/francophone.port.ac.uk\/?p=2297"},"modified":"2019-07-16T22:12:48","modified_gmt":"2019-07-16T21:12:48","slug":"macron-ouvre-une-premiere-discussion-avec-les-diasporas-africaines","status":"publish","type":"post","link":"https:\/\/francophone.port.ac.uk\/?p=2297","title":{"rendered":"Macron ouvre une premi\u00e8re discussion avec les diasporas africaines"},"content":{"rendered":"\n<p>\n\nEmmanuel Macron a r\u00e9it\u00e9r\u00e9 sa volont\u00e9 d\u2019ouvrir \u00ab&nbsp;une nouvelle page&nbsp;\u00bb dans la relation entre la France et l\u2019Afrique lors de l\u2019\u00e9change avec un public de pr\u00e8s de 400 personnes.\n\n<\/p>\n\n\n\n<p>A \u00e9couter les discussions des invit\u00e9s p\u00e9n\u00e9trant la cour d\u2019honneur, observer leurs visages fiers et les tenues parfois trop appr\u00eat\u00e9es pour l\u2019occasion, il r\u00e9gnait, jeudi 11&nbsp;juillet, une atmosph\u00e8re d\u2019aboutissement \u00e0 l\u2019Elys\u00e9e, le sentiment qu\u2019un moment longuement attendu \u00e9tait enfin arriv\u00e9. Pour la premi\u00e8re fois, apr\u00e8s quatre si\u00e8cles d\u2019une histoire franco-africaine \u00e9crite le plus souvent au profit d\u2019une seule partie, les diasporas africaines \u00e9taient re\u00e7ues \u00e0 la pr\u00e9sidence fran\u00e7aise pour un \u00e9change avec le chef de l\u2019Etat.<\/p>\n\n\n\n<p>Epaul\u00e9 par un pr\u00e9sident du Ghana rendu populaire par ses discours volontaristes \u2013 cette fois, Nana Akufo-Addo a pri\u00e9 l\u2019assistance d\u2019oublier une fois pour toute la venue du p\u00e8re No\u00ebl pour d\u00e9velopper le continent \u2013, Emmanuel Macron a r\u00e9it\u00e9r\u00e9 sa volont\u00e9 d\u2019ouvrir\u00a0<em>\u00ab\u00a0une nouvelle page\u00a0\u00bb<\/em>\u00a0dans la relation entre la France et l\u2019Afrique. Lors des deux heures d\u2019\u00e9change avec un public de pr\u00e8s de 400 personnes, dans lequel se m\u00ealaient notamment figures connues, entrepreneurs et \u00e9tudiants, le pr\u00e9sident a jug\u00e9 que pour la progression des pays africains,\u00a0<em>\u00ab\u00a0les diasporas ont un r\u00f4le essentiel. Elles connaissent les codes, les acc\u00e8s. Elles sont nos meilleurs ambassadeurs pour dire comment la France, l\u2019Europe et l\u2019Afrique peuvent mieux travailler ensemble\u00a0\u00bb.<\/em><\/p>\n\n\n\n<h2 class=\"wp-block-heading\">La place des diasporas dans la soci\u00e9t\u00e9<\/h2>\n\n\n\n<p>Les ressortissants africains install\u00e9s en France, leurs enfants, les binationaux jouent d\u00e9j\u00e0 bien souvent ce r\u00f4le de passerelle entre les deux continents. Mais, pour cette premi\u00e8re r\u00e9ception \u00e0 l\u2019Elys\u00e9e, derri\u00e8re les propos incitatifs et valorisants des deux pr\u00e9sidents, planait en permanence la question de la place laiss\u00e9e \u00e0 ces diasporas dans la soci\u00e9t\u00e9 fran\u00e7aise. Interpell\u00e9 \u00e0 plusieurs reprises sur les probl\u00e8mes de visibilit\u00e9 et d\u2019opportunit\u00e9s offertes, Emmanuel Macron a expliqu\u00e9 qu\u2019il croyait davantage en la promotion de personnalit\u00e9s mod\u00e8les qui permettent de\u00a0<em>\u00ab\u00a0casser les barri\u00e8res\u00a0\u00bb<\/em>, telle la porte-parole du gouvernement Sibeth Ndiaye, que dans<em>\u00a0\u00ab\u00a0la discrimination positive\u00a0\u00bb\u00a0<\/em>synonyme de quotas.<\/p>\n\n\n\n<p>Read more on <a href=\"https:\/\/www.lemonde.fr\/afrique\/article\/2019\/07\/11\/macron-ouvre-une-premiere-discussion-avec-les-diasporas-africaines_5488320_3212.html\"><strong>Le Monde<\/strong><\/a><\/p>\n\n\n\n<p>Sent by <strong>Edouard Bustin<\/strong><\/p>\n","protected":false},"excerpt":{"rendered":"<p>Emmanuel Macron a r\u00e9it\u00e9r\u00e9 sa volont\u00e9 d\u2019ouvrir \u00ab&nbsp;une nouvelle page&nbsp;\u00bb dans la relation entre la France et l\u2019Afrique lors de l\u2019\u00e9change avec un public de pr\u00e8s de 400 personnes. A \u00e9couter les discussions des invit\u00e9s p\u00e9n\u00e9trant la cour d\u2019honneur, observer &hellip; <a href=\"https:\/\/francophone.port.ac.uk\/?p=2297\">Continue reading <span class=\"meta-nav\">&rarr;<\/span><\/a><\/p>\n","protected":false},"author":9,"featured_media":0,"comment_status":"open","ping_status":"open","sticky":false,"template":"","format":"standard","meta":{"jetpack_post_was_ever_published":false,"_jetpack_newsletter_access":"","_jetpack_dont_email_post_to_subs":false,"_jetpack_newsletter_tier_id":0,"_jetpack_memberships_contains_paywalled_content":false,"_jetpack_memberships_contains_paid_content":false,"footnotes":""},"categories":[1],"tags":[58,254,51,252,356],"class_list":["post-2297","post","type-post","status-publish","format-standard","hentry","category-uncategorised","tag-africa","tag-diaspora","tag-europe","tag-france","tag-macron"],"jetpack_featured_media_url":"","jetpack_sharing_enabled":true,"_links":{"self":[{"href":"https:\/\/francophone.port.ac.uk\/index.php?rest_route=\/wp\/v2\/posts\/2297","targetHints":{"allow":["GET"]}}],"collection":[{"href":"https:\/\/francophone.port.ac.uk\/index.php?rest_route=\/wp\/v2\/posts"}],"about":[{"href":"https:\/\/francophone.port.ac.uk\/index.php?rest_route=\/wp\/v2\/types\/post"}],"author":[{"embeddable":true,"href":"https:\/\/francophone.port.ac.uk\/index.php?rest_route=\/wp\/v2\/users\/9"}],"replies":[{"embeddable":true,"href":"https:\/\/francophone.port.ac.uk\/index.php?rest_route=%2Fwp%2Fv2%2Fcomments&post=2297"}],"version-history":[{"count":1,"href":"https:\/\/francophone.port.ac.uk\/index.php?rest_route=\/wp\/v2\/posts\/2297\/revisions"}],"predecessor-version":[{"id":2298,"href":"https:\/\/francophone.port.ac.uk\/index.php?rest_route=\/wp\/v2\/posts\/2297\/revisions\/2298"}],"wp:attachment":[{"href":"https:\/\/francophone.port.ac.uk\/index.php?rest_route=%2Fwp%2Fv2%2Fmedia&parent=2297"}],"wp:term":[{"taxonomy":"category","embeddable":true,"href":"https:\/\/francophone.port.ac.uk\/index.php?rest_route=%2Fwp%2Fv2%2Fcategories&post=2297"},{"taxonomy":"post_tag","embeddable":true,"href":"https:\/\/francophone.port.ac.uk\/index.php?rest_route=%2Fwp%2Fv2%2Ftags&post=2297"}],"curies":[{"name":"wp","href":"https:\/\/api.w.org\/{rel}","templated":true}]}}