{"id":2301,"date":"2019-07-24T10:36:53","date_gmt":"2019-07-24T09:36:53","guid":{"rendered":"http:\/\/francophone.port.ac.uk\/?p=2301"},"modified":"2019-07-24T10:36:54","modified_gmt":"2019-07-24T09:36:54","slug":"trois-reponses-immediates-aux-desastres-recurrents-au-mali-et-au-burkina-faso","status":"publish","type":"post","link":"https:\/\/francophone.port.ac.uk\/?p=2301","title":{"rendered":"Trois r\u00e9ponses imm\u00e9diates aux d\u00e9sastres r\u00e9currents au Mali et au Burkina Faso"},"content":{"rendered":"\n<p>Face \u00e0 l&#8217;ampleur et la r\u00e9currence des massacres de civils dans le centre du Mali et dans le nord du Burkina Faso, les urgences sont multiples : apporter une r\u00e9ponse s\u00e9curitaire et judiciaire \u00e0 la fois ferme et cibl\u00e9e, repenser le dispositif s\u00e9curitaire et contrer l\u2019entreprise de d\u00e9molition du vivre ensemble men\u00e9e par les jihadistes et autres entrepreneurs du chaos.<\/p>\n\n\n\n<p>Les massacres se suivent \u00e0 un rythme effrayant au centre du Mali et au nord et \u00e0 l\u2019est du Burkina Faso. L\u2019ampleur de la violence se manifeste autant par&nbsp;<a href=\"https:\/\/www.jeuneafrique.com\/788355\/politique\/mali-a-sobane-le-president-ibk-promet-des-sanctions-et-exhorte-a-eviter-la-vengeance\/\">le nombre de victimes \u2013 d\u00e9sormais une vingtaine au moins \u00e0 chaque attaque d\u2019un village<\/a>&nbsp;\u2013 que par&nbsp;<a href=\"https:\/\/www.jeuneafrique.com\/770432\/societe\/mali-lattaque-dogossagou-pourrait-etre-qualifiee-de-crime-contre-lhumanite-selon-lonu\/\">les formes pr\u00e9cises prises par la violence<\/a>.<\/p>\n\n\n\n<p>Les exp\u00e9ditions meurtri\u00e8res de ces derniers mois\u00a0<a href=\"https:\/\/www.jeuneafrique.com\/753518\/politique\/massacre-de-civils-peuls-a-ogossagou-le-mali-sous-le-choc\/\">n\u2019\u00e9pargnent ni femmes ni enfants ni personnes tr\u00e8s \u00e2g\u00e9es<\/a>. Les assaillants recourent autant aux armes \u00e0 feu qu\u2019aux armes blanches. On br\u00fble les cases et les familles qui y sont terr\u00e9es et on abat ceux qui tentent de fuir. Parmi les 35 morts de l\u2019une des derni\u00e8res trag\u00e9dies en date au centre du Mali,\u00a0<a href=\"https:\/\/www.jeuneafrique.com\/787609\/politique\/mali-35-morts-dont-24-enfants-le-bilan-de-la-tuerie-de-sobane-revu-a-la-baisse\/\">l\u2019attaque du village de Sobane le 10 juin dernier, il y avait 24 enfants<\/a>.<\/p>\n\n\n\n<p>Proclamer que des Maliens ou des Burkinab\u00e8 ne peuvent pas, ou ne pouvaient pas il y a encore quelques ann\u00e9es, infliger ce genre de violences \u00e0 des concitoyens ne change rien \u00e0 la situation et n\u2019aide point \u00e0 trouver des r\u00e9ponses. Aujourd\u2019hui, que cette violence soit aliment\u00e9e par des acteurs \u00e9trangers \u00e0 ces deux pays ou pas, qu\u2019elle soit manipul\u00e9e par d\u2019odieuses mains invisibles ou pas, tout cela ne change rien au fait que le Mali, le Burkina Faso et toute la r\u00e9gion ouest-africaine, sont en danger.<\/p>\n\n\n\n<p>Alors, au-del\u00e0 des critiques virulentes justifi\u00e9es que l\u2019on peut faire sur l\u2019extr\u00eame faiblesse de ces deux \u00c9tats et la responsabilit\u00e9 \u00e9crasante de leurs dirigeants actuels et pass\u00e9s, que peut-on faire&nbsp;? Que doit-on faire&nbsp;\u00e0 court terme&nbsp;?<\/p>\n\n\n\n<h2 class=\"wp-block-heading\">N\u00e9cessit\u00e9 d\u2019une r\u00e9ponse s\u00e9curitaire et judiciaire vigoureuse et cibl\u00e9e<\/h2>\n\n\n\n<figure class=\"wp-block-image\"><img decoding=\"async\" src=\"https:\/\/www.jeuneafrique.com\/medias\/2019\/05\/10\/34360hr_-1024x683.jpg\" alt=\"\" class=\"wp-image-773225\"\/><\/figure>\n\n\n\n<blockquote class=\"wp-block-quote is-layout-flow wp-block-quote-is-layout-flow\"><p>IL FAUT EN FINIR AU PLUS T\u00d4T AVEC LES ANALYSES EN TERMES DE VIOLENCES \u00ab\u00a0INTERCOMMUNAUTAIRES\u00a0\u00bb QUI DILUENT LES RESPONSABILIT\u00c9S INDIVIDUELLES DES CRIMINELS<\/p><\/blockquote>\n\n\n\n<p>La premi\u00e8re urgence est \u00e0 la fois s\u00e9curitaire, politique et judiciaire. Elle doit consister en une r\u00e9ponse muscl\u00e9e sur le terrain, dans les zones concern\u00e9es par les pires attaques de populations civiles au Mali et au Burkina Faso.<\/p>\n\n\n\n<p>Il faut \u00eatre extr\u00eamement clair sur le fait que les auteurs et complices des attaques comme celles de Sobane, d\u2019Ogossagou, de Kolougon au Mali, de Yirgou ou d\u2019Arbinda au Burkina Faso, au moins quelques-uns d\u2019entre eux, doivent \u00eatre recherch\u00e9s, arr\u00eat\u00e9s en vue d\u2019\u00eatre jug\u00e9s\u2026, ou \u00ab\u00a0neutralis\u00e9s\u00a0\u00bb s\u2019il n\u2019y a pas d\u2019autre option, pour reprendre la formule diplomatique des militaires. Dans un environnement aussi dangereux, le travail de la justice ne peut \u00e9videmment pas se faire sans l\u2019accompagnement de forces de s\u00e9curit\u00e9 arm\u00e9es.<\/p>\n\n\n\n<p>Read more on <a href=\"https:\/\/www.jeuneafrique.com\/791930\/politique\/tribune-trois-reponses-immediates-aux-desastres-recurrents-au-mali-et-au-burkina-faso\/?fbclid=IwAR28zfLG5s8_Hf2G2epRdj3rbiqneY4qjEaZ16WC3lhrCVFF6tRwGKFVtAY\"><strong>Jeune Afrique<\/strong><\/a><\/p>\n","protected":false},"excerpt":{"rendered":"<p>Face \u00e0 l&#8217;ampleur et la r\u00e9currence des massacres de civils dans le centre du Mali et dans le nord du Burkina Faso, les urgences sont multiples : apporter une r\u00e9ponse s\u00e9curitaire et judiciaire \u00e0 la fois ferme et cibl\u00e9e, repenser &hellip; <a href=\"https:\/\/francophone.port.ac.uk\/?p=2301\">Continue reading <span class=\"meta-nav\">&rarr;<\/span><\/a><\/p>\n","protected":false},"author":9,"featured_media":0,"comment_status":"open","ping_status":"open","sticky":false,"template":"","format":"standard","meta":{"jetpack_post_was_ever_published":false,"_jetpack_newsletter_access":"","_jetpack_dont_email_post_to_subs":false,"_jetpack_newsletter_tier_id":0,"_jetpack_memberships_contains_paywalled_content":false,"_jetpack_memberships_contains_paid_content":false,"footnotes":""},"categories":[1],"tags":[414,72,408],"class_list":["post-2301","post","type-post","status-publish","format-standard","hentry","category-uncategorised","tag-burkina-faso","tag-mali","tag-security"],"jetpack_featured_media_url":"","jetpack_sharing_enabled":true,"_links":{"self":[{"href":"https:\/\/francophone.port.ac.uk\/index.php?rest_route=\/wp\/v2\/posts\/2301","targetHints":{"allow":["GET"]}}],"collection":[{"href":"https:\/\/francophone.port.ac.uk\/index.php?rest_route=\/wp\/v2\/posts"}],"about":[{"href":"https:\/\/francophone.port.ac.uk\/index.php?rest_route=\/wp\/v2\/types\/post"}],"author":[{"embeddable":true,"href":"https:\/\/francophone.port.ac.uk\/index.php?rest_route=\/wp\/v2\/users\/9"}],"replies":[{"embeddable":true,"href":"https:\/\/francophone.port.ac.uk\/index.php?rest_route=%2Fwp%2Fv2%2Fcomments&post=2301"}],"version-history":[{"count":2,"href":"https:\/\/francophone.port.ac.uk\/index.php?rest_route=\/wp\/v2\/posts\/2301\/revisions"}],"predecessor-version":[{"id":2303,"href":"https:\/\/francophone.port.ac.uk\/index.php?rest_route=\/wp\/v2\/posts\/2301\/revisions\/2303"}],"wp:attachment":[{"href":"https:\/\/francophone.port.ac.uk\/index.php?rest_route=%2Fwp%2Fv2%2Fmedia&parent=2301"}],"wp:term":[{"taxonomy":"category","embeddable":true,"href":"https:\/\/francophone.port.ac.uk\/index.php?rest_route=%2Fwp%2Fv2%2Fcategories&post=2301"},{"taxonomy":"post_tag","embeddable":true,"href":"https:\/\/francophone.port.ac.uk\/index.php?rest_route=%2Fwp%2Fv2%2Ftags&post=2301"}],"curies":[{"name":"wp","href":"https:\/\/api.w.org\/{rel}","templated":true}]}}