{"id":2305,"date":"2019-07-29T15:01:03","date_gmt":"2019-07-29T14:01:03","guid":{"rendered":"http:\/\/francophone.port.ac.uk\/?p=2305"},"modified":"2019-07-29T15:01:08","modified_gmt":"2019-07-29T14:01:08","slug":"sahel-les-militaires-evincent-le-quai-dorsay","status":"publish","type":"post","link":"https:\/\/francophone.port.ac.uk\/?p=2305","title":{"rendered":"Sahel, les militaires \u00e9vincent le Quai d\u2019Orsay"},"content":{"rendered":"\n<p>Malgr\u00e9 un important d\u00e9ploiement arm\u00e9 (op\u00e9ration fran\u00e7aise \u00ab\u00a0Barkhane\u00a0\u00bb, mission des Nations unies, etc.), les massacres de civils se multiplient au Mali et dans la sous-r\u00e9gion. Cause m\u00e9connue de cette impasse\u00a0: le Sahel est devenu la chasse gard\u00e9e des militaires, qui imposent aux diplomates du Quai d\u2019Orsay une vision trop \u00e9troitement s\u00e9curitaire pour \u00eatre efficace. <\/p>\n\n\n\n<p>Lorsque, en f\u00e9vrier dernier, l\u2019aviation fran\u00e7aise bombarde une colonne de chars de l\u2019Union des forces de la r\u00e9sistance (UFR), un mouvement de l\u2019opposition arm\u00e9e tchadienne, les commentateurs ne manquent pas de rappeler la longue histoire des ing\u00e9rences de l\u2019ancien colonisateur au Tchad. Cette op\u00e9ration, au cours de laquelle plusieurs membres de l\u2019UFR auraient \u00e9t\u00e9 tu\u00e9s, se singularise sur un point\u00a0: pour la premi\u00e8re fois depuis tr\u00e8s longtemps, Paris assume pleinement l\u2019utilisation de la force dans une affaire de politique int\u00e9rieure mettant \u00e0 mal son alli\u00e9, le pourtant peu d\u00e9mocrate pr\u00e9sident Idriss D\u00e9by Itno.<\/p>\n\n\n\n<p>La France&nbsp;<em>\u00ab&nbsp;ne se contente plus de cr\u00e9er les conditions favorables \u00e0 une victoire de l\u2019arm\u00e9e tchadienne&nbsp;: elle bombarde elle-m\u00eame les rebelles&nbsp;\u00bb,<\/em>&nbsp;note ainsi la politiste Marielle Debos. Reprenant la propagande du r\u00e9gime autocratique tchadien, pour qui les rebelles ne sont que des \u00ab&nbsp;terroristes&nbsp;\u00bb, le ministre des affaires \u00e9trang\u00e8res, M.&nbsp;Jean-Yves Le Drian, compare m\u00eame l\u2019intervention de l\u2019aviation fran\u00e7aise au d\u00e9clenchement de l\u2019op\u00e9ration \u00ab&nbsp;Serval&nbsp;\u00bb au Mali. En janvier&nbsp;2013, celle-ci avait stopp\u00e9 l\u2019offensive d\u2019une colonne de djihadistes qui mena\u00e7aient Bamako.<\/p>\n\n\n\n<p>\u00c9lu en\u00a02011, puis r\u00e9\u00e9lu en\u00a02016, le pr\u00e9sident nig\u00e9rien Mahamadou Issoufou para\u00eet aussi intouchable que son homologue tchadien, en d\u00e9pit des nombreuses atteintes \u00e0 la libert\u00e9 d\u2019expression dans son pays. M.\u00a0Issoufou donne carte blanche \u00e0 l\u2019arm\u00e9e fran\u00e7aise, laquelle dispose d\u2019une base \u00e0 Niamey, d\u2019o\u00f9 d\u00e9collent ses drones pour, officiellement, surveiller les mouvements terroristes dans le Sahel.\u00a0<em>\u00ab\u00a0Parce que c\u2019est ancr\u00e9 dans leur culture, les militaires pensent que, pour faire face \u00e0 la menace terroriste, il faut un homme fort \u00e0 la t\u00eate du pays,<\/em>\u00a0nous explique un diplomate fran\u00e7ais en poste dans cette zone et ayant requis l\u2019anonymat.\u00a0<em>Ils ne veulent pas comprendre que le soutien apport\u00e9 \u00e0 des autocrates peut aussi pousser des personnes \u00e0 rejoindre les groupes terroristes, ou du moins \u00e0 en devenir des sympathisants.\u00a0\u00bb<\/em><\/p>\n\n\n\n<p style=\"text-align:left\">Read more on <a href=\"https:\/\/www.monde-diplomatique.fr\/2019\/07\/CARAYOL\/60053\"><strong>Le Monde <\/strong><\/a><em><a href=\"https:\/\/www.monde-diplomatique.fr\/2019\/07\/CARAYOL\/60053\"><strong>diplomatique<\/strong><\/a><\/em><\/p>\n","protected":false},"excerpt":{"rendered":"<p>Malgr\u00e9 un important d\u00e9ploiement arm\u00e9 (op\u00e9ration fran\u00e7aise \u00ab\u00a0Barkhane\u00a0\u00bb, mission des Nations unies, etc.), les massacres de civils se multiplient au Mali et dans la sous-r\u00e9gion. Cause m\u00e9connue de cette impasse\u00a0: le Sahel est devenu la chasse gard\u00e9e des militaires, qui &hellip; <a href=\"https:\/\/francophone.port.ac.uk\/?p=2305\">Continue reading <span class=\"meta-nav\">&rarr;<\/span><\/a><\/p>\n","protected":false},"author":9,"featured_media":0,"comment_status":"open","ping_status":"open","sticky":false,"template":"","format":"standard","meta":{"jetpack_post_was_ever_published":false,"_jetpack_newsletter_access":"","_jetpack_dont_email_post_to_subs":false,"_jetpack_newsletter_tier_id":0,"_jetpack_memberships_contains_paywalled_content":false,"_jetpack_memberships_contains_paid_content":false,"footnotes":""},"categories":[1],"tags":[569,252,793,412,408,794,552,56],"class_list":["post-2305","post","type-post","status-publish","format-standard","hentry","category-uncategorised","tag-barkhane","tag-france","tag-military-operation","tag-sahel","tag-security","tag-ufr","tag-un","tag-united-nations"],"jetpack_featured_media_url":"","jetpack_sharing_enabled":true,"_links":{"self":[{"href":"https:\/\/francophone.port.ac.uk\/index.php?rest_route=\/wp\/v2\/posts\/2305","targetHints":{"allow":["GET"]}}],"collection":[{"href":"https:\/\/francophone.port.ac.uk\/index.php?rest_route=\/wp\/v2\/posts"}],"about":[{"href":"https:\/\/francophone.port.ac.uk\/index.php?rest_route=\/wp\/v2\/types\/post"}],"author":[{"embeddable":true,"href":"https:\/\/francophone.port.ac.uk\/index.php?rest_route=\/wp\/v2\/users\/9"}],"replies":[{"embeddable":true,"href":"https:\/\/francophone.port.ac.uk\/index.php?rest_route=%2Fwp%2Fv2%2Fcomments&post=2305"}],"version-history":[{"count":1,"href":"https:\/\/francophone.port.ac.uk\/index.php?rest_route=\/wp\/v2\/posts\/2305\/revisions"}],"predecessor-version":[{"id":2306,"href":"https:\/\/francophone.port.ac.uk\/index.php?rest_route=\/wp\/v2\/posts\/2305\/revisions\/2306"}],"wp:attachment":[{"href":"https:\/\/francophone.port.ac.uk\/index.php?rest_route=%2Fwp%2Fv2%2Fmedia&parent=2305"}],"wp:term":[{"taxonomy":"category","embeddable":true,"href":"https:\/\/francophone.port.ac.uk\/index.php?rest_route=%2Fwp%2Fv2%2Fcategories&post=2305"},{"taxonomy":"post_tag","embeddable":true,"href":"https:\/\/francophone.port.ac.uk\/index.php?rest_route=%2Fwp%2Fv2%2Ftags&post=2305"}],"curies":[{"name":"wp","href":"https:\/\/api.w.org\/{rel}","templated":true}]}}