{"id":2345,"date":"2019-09-09T11:26:24","date_gmt":"2019-09-09T10:26:24","guid":{"rendered":"http:\/\/francophone.port.ac.uk\/?p=2345"},"modified":"2019-10-22T10:35:16","modified_gmt":"2019-10-22T09:35:16","slug":"mort-de-pierre-pean-ecrivain-et-journaliste-dinvestigation","status":"publish","type":"post","link":"https:\/\/francophone.port.ac.uk\/?p=2345","title":{"rendered":"Mort de Pierre P\u00e9an, \u00e9crivain et journaliste d\u2019investigation"},"content":{"rendered":"\n<p> Il s\u2019\u00e9tait fait conna\u00eetre par ses enqu\u00eates, notamment sur le pass\u00e9 de Mitterrand pendant l\u2019Occupation ou les diamants de l\u2019empereur Bokassa. Il est mort \u00e0 81&nbsp;ans. <\/p>\n\n\n\n<p>Le pass\u00e9 trouble de Fran\u00e7ois Mitterrand durant l\u2019Occupation, les fameux diamants de Bokassa, la \u00ab&nbsp;face cach\u00e9e&nbsp;\u00bb du&nbsp;<em>Monde<\/em>\u2026 Pierre P\u00e9an, mort jeudi 25&nbsp;juillet \u00e0 l\u2019\u00e2ge de 81&nbsp;ans, \u00e9tait un journaliste d\u2019investigation chevronn\u00e9, c\u00e9l\u00e8bre pour ses enqu\u00eates fouill\u00e9es, dans lesquelles il mettait en lumi\u00e8re la part d\u2019ombre des puissants et de l\u2019histoire de France.<\/p>\n\n\n\n<p>Il est mort&nbsp;<em>\u00ab&nbsp;des suites d\u2019une maladie&nbsp;\u00bb<\/em>&nbsp;\u00e0 l\u2019h\u00f4pital d\u2019Argenteuil, dans le Val-d\u2019Oise, a pr\u00e9cis\u00e9 vendredi son fils, l\u2019\u00e9crivain Jean Gr\u00e9gor, avec qui il avait r\u00e9dig\u00e9 son dernier livre,&nbsp;<em>Comme ils vivaient<\/em>, une enqu\u00eate sur le g\u00e9nocide m\u00e9connu des juifs de Lituanie parue l\u2019an dernier au Seuil.<\/p>\n\n\n\n<p><em>\u00ab&nbsp;Pierre P\u00e9an, le grand journaliste d\u2019investigation, est mort \u00e0 l\u2019\u00e2ge de 81&nbsp;ans&nbsp;\u00bb<\/em>, avait&nbsp;<a href=\"https:\/\/www.nouvelobs.com\/teleobs\/20190725.OBS16420\/l-ecrivain-journaliste-pierre-pean-est-mort.html\">rapport\u00e9 jeudi soir L\u2019Obs sur son site internet, saluant&nbsp;<em>\u00ab&nbsp;l\u2019un des plus grands journalistes d\u2019enqu\u00eate fran\u00e7ais&nbsp;\u00bb<\/em>.<\/a>&nbsp;Christophe Nick, auteur avec Pierre P\u00e9an d\u2019une enqu\u00eate sur TF1 en&nbsp;1997, avait \u00e9galement annonc\u00e9 ce d\u00e9c\u00e8s sur sa page Facebook&nbsp;:&nbsp;<em>\u00ab&nbsp;C\u2019est terrible. Le Patron, Pierre P\u00e9an, mon ami, est parti ce soir.&nbsp;\u00bb<\/em><\/p>\n\n\n\n<p>Read more on <a href=\"https:\/\/www.lemonde.fr\/disparitions\/article\/2019\/07\/26\/mort-de-l-ecrivain-et-journaliste-d-investigation-pierre-pean_5493540_3382.html\"><strong>Le Monde<\/strong><\/a><\/p>\n","protected":false},"excerpt":{"rendered":"<p>Il s\u2019\u00e9tait fait conna\u00eetre par ses enqu\u00eates, notamment sur le pass\u00e9 de Mitterrand pendant l\u2019Occupation ou les diamants de l\u2019empereur Bokassa. Il est mort \u00e0 81&nbsp;ans. Le pass\u00e9 trouble de Fran\u00e7ois Mitterrand durant l\u2019Occupation, les fameux diamants de Bokassa, la &hellip; <a href=\"https:\/\/francophone.port.ac.uk\/?p=2345\">Continue reading <span class=\"meta-nav\">&rarr;<\/span><\/a><\/p>\n","protected":false},"author":9,"featured_media":0,"comment_status":"open","ping_status":"open","sticky":false,"template":"","format":"standard","meta":{"jetpack_post_was_ever_published":false,"_jetpack_newsletter_access":"","_jetpack_dont_email_post_to_subs":false,"_jetpack_newsletter_tier_id":0,"_jetpack_memberships_contains_paywalled_content":false,"_jetpack_memberships_contains_paid_content":false,"footnotes":""},"categories":[1],"tags":[],"class_list":["post-2345","post","type-post","status-publish","format-standard","hentry","category-uncategorised"],"jetpack_featured_media_url":"","jetpack_sharing_enabled":true,"_links":{"self":[{"href":"https:\/\/francophone.port.ac.uk\/index.php?rest_route=\/wp\/v2\/posts\/2345","targetHints":{"allow":["GET"]}}],"collection":[{"href":"https:\/\/francophone.port.ac.uk\/index.php?rest_route=\/wp\/v2\/posts"}],"about":[{"href":"https:\/\/francophone.port.ac.uk\/index.php?rest_route=\/wp\/v2\/types\/post"}],"author":[{"embeddable":true,"href":"https:\/\/francophone.port.ac.uk\/index.php?rest_route=\/wp\/v2\/users\/9"}],"replies":[{"embeddable":true,"href":"https:\/\/francophone.port.ac.uk\/index.php?rest_route=%2Fwp%2Fv2%2Fcomments&post=2345"}],"version-history":[{"count":2,"href":"https:\/\/francophone.port.ac.uk\/index.php?rest_route=\/wp\/v2\/posts\/2345\/revisions"}],"predecessor-version":[{"id":2393,"href":"https:\/\/francophone.port.ac.uk\/index.php?rest_route=\/wp\/v2\/posts\/2345\/revisions\/2393"}],"wp:attachment":[{"href":"https:\/\/francophone.port.ac.uk\/index.php?rest_route=%2Fwp%2Fv2%2Fmedia&parent=2345"}],"wp:term":[{"taxonomy":"category","embeddable":true,"href":"https:\/\/francophone.port.ac.uk\/index.php?rest_route=%2Fwp%2Fv2%2Fcategories&post=2345"},{"taxonomy":"post_tag","embeddable":true,"href":"https:\/\/francophone.port.ac.uk\/index.php?rest_route=%2Fwp%2Fv2%2Ftags&post=2345"}],"curies":[{"name":"wp","href":"https:\/\/api.w.org\/{rel}","templated":true}]}}