{"id":2350,"date":"2019-09-13T09:40:23","date_gmt":"2019-09-13T08:40:23","guid":{"rendered":"http:\/\/francophone.port.ac.uk\/?p=2350"},"modified":"2019-10-22T10:36:26","modified_gmt":"2019-10-22T09:36:26","slug":"pourquoi-il-ny-a-plus-de-sacs-plastique-au-rwanda","status":"publish","type":"post","link":"https:\/\/francophone.port.ac.uk\/?p=2350","title":{"rendered":"Pourquoi il n\u2019y a plus de sacs plastique au Rwanda"},"content":{"rendered":"\n<p><strong>Depuis 14 ans, les sacs plastique sont interdits au Rwanda. Le pays est un mod\u00e8le \u00e0 suivre pour ses voisins africains.<\/strong><\/p>\n\n\n\n<p>ini les sacs plastique au Rwanda&nbsp;! On vous demande d\u2019utiliser des sacs en papier ou en tissus et si vous ne respectez pas cette consigne, gare \u00e0 vous&nbsp;! Pour \u00e9liminer les sacs plastique dans \u00ab<em>&nbsp;le pays des mille collines<\/em>&nbsp;\u00bb, on fait appel \u00e0 la dissuasion et au civisme de la population.<\/p>\n\n\n\n<h2 class=\"wp-block-heading\">En 2004, le Rwanda tirait la sonnette d\u2019alarme<\/h2>\n\n\n\n<p>Les sacs en plastique sont&nbsp;<strong>un v\u00e9ritable fl\u00e9au pour notre environnement, car ils sont extr\u00eamement lents \u00e0 se d\u00e9grader (jusqu\u2019\u00e0 450 ans)<\/strong>. On en retrouve pourtant en grande quantit\u00e9, abandonn\u00e9s dans la nature ou dans la rue. Certains pays ont fait le choix de l\u2019interdire et en la mati\u00e8re, un pays africain fait figure de bon \u00e9l\u00e8ve&nbsp;:<strong>&nbsp;le Rwanda<\/strong>.<\/p>\n\n\n\n<p>Tout a commenc\u00e9 en 2004 lorsque des \u00e9tudes ont dress\u00e9 ce constat alarmant&nbsp;: non seulement&nbsp;<strong>il y avait du plastique \u00e0 la surface de la terre, mais aussi dans le sol<\/strong>. Une situation \u00e0 la fois grave pour le secteur agricole, mais aussi pour l\u2019eau qui se retrouvait pollu\u00e9e.<\/p>\n\n\n\n<p>Read more on <a href=\"https:\/\/www.consoglobe.com\/interdiction-sacs-plastique-rwanda-cg\"><strong>ConsoGlobe<\/strong><\/a><\/p>\n","protected":false},"excerpt":{"rendered":"<p>Depuis 14 ans, les sacs plastique sont interdits au Rwanda. Le pays est un mod\u00e8le \u00e0 suivre pour ses voisins africains. ini les sacs plastique au Rwanda&nbsp;! On vous demande d\u2019utiliser des sacs en papier ou en tissus et si &hellip; <a href=\"https:\/\/francophone.port.ac.uk\/?p=2350\">Continue reading <span class=\"meta-nav\">&rarr;<\/span><\/a><\/p>\n","protected":false},"author":9,"featured_media":0,"comment_status":"open","ping_status":"open","sticky":false,"template":"","format":"standard","meta":{"jetpack_post_was_ever_published":false,"_jetpack_newsletter_access":"","_jetpack_dont_email_post_to_subs":false,"_jetpack_newsletter_tier_id":0,"_jetpack_memberships_contains_paywalled_content":false,"_jetpack_memberships_contains_paid_content":false,"footnotes":""},"categories":[1],"tags":[58,333,825,530],"class_list":["post-2350","post","type-post","status-publish","format-standard","hentry","category-uncategorised","tag-africa","tag-environment","tag-plastic-bags","tag-rwanda"],"jetpack_featured_media_url":"","jetpack_sharing_enabled":true,"_links":{"self":[{"href":"https:\/\/francophone.port.ac.uk\/index.php?rest_route=\/wp\/v2\/posts\/2350","targetHints":{"allow":["GET"]}}],"collection":[{"href":"https:\/\/francophone.port.ac.uk\/index.php?rest_route=\/wp\/v2\/posts"}],"about":[{"href":"https:\/\/francophone.port.ac.uk\/index.php?rest_route=\/wp\/v2\/types\/post"}],"author":[{"embeddable":true,"href":"https:\/\/francophone.port.ac.uk\/index.php?rest_route=\/wp\/v2\/users\/9"}],"replies":[{"embeddable":true,"href":"https:\/\/francophone.port.ac.uk\/index.php?rest_route=%2Fwp%2Fv2%2Fcomments&post=2350"}],"version-history":[{"count":2,"href":"https:\/\/francophone.port.ac.uk\/index.php?rest_route=\/wp\/v2\/posts\/2350\/revisions"}],"predecessor-version":[{"id":2395,"href":"https:\/\/francophone.port.ac.uk\/index.php?rest_route=\/wp\/v2\/posts\/2350\/revisions\/2395"}],"wp:attachment":[{"href":"https:\/\/francophone.port.ac.uk\/index.php?rest_route=%2Fwp%2Fv2%2Fmedia&parent=2350"}],"wp:term":[{"taxonomy":"category","embeddable":true,"href":"https:\/\/francophone.port.ac.uk\/index.php?rest_route=%2Fwp%2Fv2%2Fcategories&post=2350"},{"taxonomy":"post_tag","embeddable":true,"href":"https:\/\/francophone.port.ac.uk\/index.php?rest_route=%2Fwp%2Fv2%2Ftags&post=2350"}],"curies":[{"name":"wp","href":"https:\/\/api.w.org\/{rel}","templated":true}]}}