{"id":2356,"date":"2019-09-17T10:24:35","date_gmt":"2019-09-17T09:24:35","guid":{"rendered":"http:\/\/francophone.port.ac.uk\/?p=2356"},"modified":"2019-10-22T10:38:31","modified_gmt":"2019-10-22T09:38:31","slug":"le-degagisme-sempare-de-la-tunisie","status":"publish","type":"post","link":"https:\/\/francophone.port.ac.uk\/?p=2356","title":{"rendered":"Le &#8220;d\u00e9gagisme&#8221; s&#8217;empare de la Tunisie"},"content":{"rendered":"\n<p>Selon les r\u00e9sultats partiels portant sur la moiti\u00e9 des bulletins, le magnat des m\u00e9dias Nabil Karoui et le tr\u00e8s rigide professeur de droit Kais Saied seront les deux candidats pour le second tour des \u00e9lections pr\u00e9sidentielles.<\/p>\n\n\n\n<p><strong>Nabil Karoui<\/strong>, surnomm\u00e9 le &#8220;Berlusconi tunisien&#8221;, est en prison depuis le 23 ao\u00fbt pour blanchiment d\u2019argent.&nbsp;<strong>Kais Saied<\/strong>&nbsp;a fait campagne sans parti politique derri\u00e8re lui. Malgr\u00e9 leurs CVs atypiques, ils ont balay\u00e9 le Premier ministre sortant,&nbsp;<strong>Youssef Chahed<\/strong>; l\u2019ancien ministre de la D\u00e9fense,&nbsp;<strong>Abdelkrim Zbid<\/strong>i, soutenu par Nidaa Tounes, le parti du pr\u00e9sident d\u00e9funt&nbsp;<strong>B\u00e9ji Ca\u00efd Essebsi<\/strong>&nbsp;d\u00e9c\u00e9d\u00e9 le 25 juillet et&nbsp;<strong>Abdelfattah Mourou<\/strong>, le repr\u00e9sentant du parti islamiste Ennahdha, premi\u00e8re formation \u00e0 l\u2019assembl\u00e9e l\u00e9gislative.&nbsp;<strong>Un v\u00e9ritable s\u00e9isme<\/strong>&nbsp;que la tr\u00e8s forte abstention (55%) explique en partie.Les \u00e9lecteurs ont inflig\u00e9 un camouflet \u00e0 la classe politique au pouvoir.Partager surTwitter<\/p>\n\n\n\n<p>Dans les r\u00e9gions int\u00e9rieures, d\u00e9laiss\u00e9es historiquement par le pouvoir central, comme dans les villes d\u00e9velopp\u00e9es de la c\u00f4te, les \u00e9lecteurs ont inflig\u00e9<strong>&nbsp;un camouflet \u00e0 la classe politique au pouvoir&nbsp;<\/strong>jug\u00e9e responsable de la crise \u00e9conomique et sociale (15,3% de ch\u00f4mage).&nbsp;<em>&#8220;Kais Saied n\u2019est pas un vrai politicien. Lui, je suis s\u00fbr qu\u2019il est honn\u00eate&#8221;<\/em>, d\u00e9taille une jeune employ\u00e9e dans les assurances \u00e0 Tunis.<\/p>\n\n\n\n<p>Read more on <strong><a href=\"https:\/\/www.lecho.be\/economie-politique\/international\/afrique\/le-degagisme-s-empare-de-la-tunisie\/10162886.html\">L&#8217;Echo<\/a><\/strong><\/p>\n\n\n\n<p>Sent by Edouard Bustin<\/p>\n","protected":false},"excerpt":{"rendered":"<p>Selon les r\u00e9sultats partiels portant sur la moiti\u00e9 des bulletins, le magnat des m\u00e9dias Nabil Karoui et le tr\u00e8s rigide professeur de droit Kais Saied seront les deux candidats pour le second tour des \u00e9lections pr\u00e9sidentielles. Nabil Karoui, surnomm\u00e9 le &hellip; <a href=\"https:\/\/francophone.port.ac.uk\/?p=2356\">Continue reading <span class=\"meta-nav\">&rarr;<\/span><\/a><\/p>\n","protected":false},"author":9,"featured_media":0,"comment_status":"open","ping_status":"open","sticky":false,"template":"","format":"standard","meta":{"jetpack_post_was_ever_published":false,"_jetpack_newsletter_access":"","_jetpack_dont_email_post_to_subs":false,"_jetpack_newsletter_tier_id":0,"_jetpack_memberships_contains_paywalled_content":false,"_jetpack_memberships_contains_paid_content":false,"footnotes":""},"categories":[1],"tags":[58,136,804],"class_list":["post-2356","post","type-post","status-publish","format-standard","hentry","category-uncategorised","tag-africa","tag-elections","tag-tunisie"],"jetpack_featured_media_url":"","jetpack_sharing_enabled":true,"_links":{"self":[{"href":"https:\/\/francophone.port.ac.uk\/index.php?rest_route=\/wp\/v2\/posts\/2356","targetHints":{"allow":["GET"]}}],"collection":[{"href":"https:\/\/francophone.port.ac.uk\/index.php?rest_route=\/wp\/v2\/posts"}],"about":[{"href":"https:\/\/francophone.port.ac.uk\/index.php?rest_route=\/wp\/v2\/types\/post"}],"author":[{"embeddable":true,"href":"https:\/\/francophone.port.ac.uk\/index.php?rest_route=\/wp\/v2\/users\/9"}],"replies":[{"embeddable":true,"href":"https:\/\/francophone.port.ac.uk\/index.php?rest_route=%2Fwp%2Fv2%2Fcomments&post=2356"}],"version-history":[{"count":2,"href":"https:\/\/francophone.port.ac.uk\/index.php?rest_route=\/wp\/v2\/posts\/2356\/revisions"}],"predecessor-version":[{"id":2398,"href":"https:\/\/francophone.port.ac.uk\/index.php?rest_route=\/wp\/v2\/posts\/2356\/revisions\/2398"}],"wp:attachment":[{"href":"https:\/\/francophone.port.ac.uk\/index.php?rest_route=%2Fwp%2Fv2%2Fmedia&parent=2356"}],"wp:term":[{"taxonomy":"category","embeddable":true,"href":"https:\/\/francophone.port.ac.uk\/index.php?rest_route=%2Fwp%2Fv2%2Fcategories&post=2356"},{"taxonomy":"post_tag","embeddable":true,"href":"https:\/\/francophone.port.ac.uk\/index.php?rest_route=%2Fwp%2Fv2%2Ftags&post=2356"}],"curies":[{"name":"wp","href":"https:\/\/api.w.org\/{rel}","templated":true}]}}