{"id":2361,"date":"2019-09-23T15:04:09","date_gmt":"2019-09-23T14:04:09","guid":{"rendered":"http:\/\/francophone.port.ac.uk\/?p=2361"},"modified":"2019-10-22T10:40:24","modified_gmt":"2019-10-22T09:40:24","slug":"en-centrafrique-lombre-de-bokassa-plane-toujours-sur-les-ruines-de-berengo","status":"publish","type":"post","link":"https:\/\/francophone.port.ac.uk\/?p=2361","title":{"rendered":"En Centrafrique, l\u2019ombre de Bokassa plane toujours sur les ruines de B\u00e9rengo"},"content":{"rendered":"\n<p> Quarante ans apr\u00e8s la chute du dictateur centrafricain, le \u00ab&nbsp;palais imp\u00e9rial&nbsp;\u00bb, qui fut le centre du pouvoir, est toujours l\u2019objet de fantasmes. <\/p>\n\n\n\n<p>C\u2019est l\u00e0, derri\u00e8re de hauts murs d\u2019enceinte gris, au milieu de b\u00e2timents en ruines qui s\u2019\u00e9talent sur une dizaine d\u2019hectares, que repose aujourd\u2019hui la d\u00e9pouille de l\u2019ancien empereur. Son tombeau y est toujours prot\u00e9g\u00e9 par une imposante statue de bronze \u00e0 son effigie. Seuls des tentes militaires et quelques b\u00e2timents r\u00e9habilit\u00e9s rappellent que depuis janvier&nbsp;2018, ce sont des instructeurs priv\u00e9s russes qui ont pris possession des lieux, pour former les Forces arm\u00e9es centrafricaines (FACA). L\u2019affaire avait m\u00eame provoqu\u00e9 une petite crise politique qui avait abouti au limogeage de l\u2019un des fils du d\u00e9funt, Jean Serge Bokassa, alors ministre de l\u2019int\u00e9rieur.<\/p>\n\n\n\n<p>Read more on <strong><a href=\"https:\/\/www.lemonde.fr\/afrique\/article\/2019\/09\/20\/l-ombre-de-bokassa-plane-toujours-sur-les-ruines-de-berengo_6012479_3212.html\">Le Monde<\/a><\/strong><\/p>\n\n\n\n<p>Sent by <strong>Edouard Bustin<\/strong><br><\/p>\n","protected":false},"excerpt":{"rendered":"<p>Quarante ans apr\u00e8s la chute du dictateur centrafricain, le \u00ab&nbsp;palais imp\u00e9rial&nbsp;\u00bb, qui fut le centre du pouvoir, est toujours l\u2019objet de fantasmes. C\u2019est l\u00e0, derri\u00e8re de hauts murs d\u2019enceinte gris, au milieu de b\u00e2timents en ruines qui s\u2019\u00e9talent sur une &hellip; <a href=\"https:\/\/francophone.port.ac.uk\/?p=2361\">Continue reading <span class=\"meta-nav\">&rarr;<\/span><\/a><\/p>\n","protected":false},"author":9,"featured_media":0,"comment_status":"open","ping_status":"open","sticky":false,"template":"","format":"standard","meta":{"jetpack_post_was_ever_published":false,"_jetpack_newsletter_access":"","_jetpack_dont_email_post_to_subs":false,"_jetpack_newsletter_tier_id":0,"_jetpack_memberships_contains_paywalled_content":false,"_jetpack_memberships_contains_paid_content":false,"footnotes":""},"categories":[1],"tags":[828,827,829],"class_list":["post-2361","post","type-post","status-publish","format-standard","hentry","category-uncategorised","tag-bokassa","tag-centrafrique","tag-dictateur"],"jetpack_featured_media_url":"","jetpack_sharing_enabled":true,"_links":{"self":[{"href":"https:\/\/francophone.port.ac.uk\/index.php?rest_route=\/wp\/v2\/posts\/2361","targetHints":{"allow":["GET"]}}],"collection":[{"href":"https:\/\/francophone.port.ac.uk\/index.php?rest_route=\/wp\/v2\/posts"}],"about":[{"href":"https:\/\/francophone.port.ac.uk\/index.php?rest_route=\/wp\/v2\/types\/post"}],"author":[{"embeddable":true,"href":"https:\/\/francophone.port.ac.uk\/index.php?rest_route=\/wp\/v2\/users\/9"}],"replies":[{"embeddable":true,"href":"https:\/\/francophone.port.ac.uk\/index.php?rest_route=%2Fwp%2Fv2%2Fcomments&post=2361"}],"version-history":[{"count":3,"href":"https:\/\/francophone.port.ac.uk\/index.php?rest_route=\/wp\/v2\/posts\/2361\/revisions"}],"predecessor-version":[{"id":2401,"href":"https:\/\/francophone.port.ac.uk\/index.php?rest_route=\/wp\/v2\/posts\/2361\/revisions\/2401"}],"wp:attachment":[{"href":"https:\/\/francophone.port.ac.uk\/index.php?rest_route=%2Fwp%2Fv2%2Fmedia&parent=2361"}],"wp:term":[{"taxonomy":"category","embeddable":true,"href":"https:\/\/francophone.port.ac.uk\/index.php?rest_route=%2Fwp%2Fv2%2Fcategories&post=2361"},{"taxonomy":"post_tag","embeddable":true,"href":"https:\/\/francophone.port.ac.uk\/index.php?rest_route=%2Fwp%2Fv2%2Ftags&post=2361"}],"curies":[{"name":"wp","href":"https:\/\/api.w.org\/{rel}","templated":true}]}}