{"id":2371,"date":"2019-10-07T10:24:44","date_gmt":"2019-10-07T09:24:44","guid":{"rendered":"http:\/\/francophone.port.ac.uk\/?p=2371"},"modified":"2019-10-22T10:41:46","modified_gmt":"2019-10-22T09:41:46","slug":"senegal-dakar-fait-un-triomphe","status":"publish","type":"post","link":"https:\/\/francophone.port.ac.uk\/?p=2371","title":{"rendered":"S\u00e9n\u00e9gal: Dakar fait un triomphe"},"content":{"rendered":"\n<p>Lex-maire de Dakar Khalifa Sall, en prison depuis deux ans et demi, a retrouv\u00e9 la libert\u00e9 dimanche \u00e0 la faveur d&#8217;une gr\u00e2ce pr\u00e9sidentielle, et a \u00e9t\u00e9 acclam\u00e9 par une foule en liesse lors d&#8217;une travers\u00e9e nocturne de la capitale s\u00e9n\u00e9galaise.<\/p>\n\n\n\n<p>La remise en libert\u00e9 de Khalifa Sall, r\u00e9clam\u00e9e par les soutiens de cet adversaire du chef de l&#8217;Etat s\u00e9n\u00e9galais Macky Sall, a surpris les S\u00e9n\u00e9galais, bien qu&#8217;elle intervienne dans contexte de d\u00e9crispation politique orchestr\u00e9e par des chefs religieux musulmans.<\/p>\n\n\n\n<p>D\u00e8s la nouvelle connue, ses partisans se sont mass\u00e9s devant la prison de Rebeuss \u00e0 Dakar, d&#8217;o\u00f9 Khalifa Sall est sorti vers 20H00. Ils ont ensuite accompagn\u00e9 son convoi \u00e0 travers plusieurs quartiers de la capitale, dont Grand Yoff, bastion \u00e9lectoral de ce socialiste de 63 ans au visage juv\u00e9nile, ont constat\u00e9 des journalistes de l&#8217;AFP.<\/p>\n\n\n\n<p>Read more on <a href=\"http:\/\/www.slateafrique.com\/996708\/senegal-dakar-fait-un-triomphe-\"><strong>Slate Afrique<\/strong><\/a><\/p>\n\n\n\n<p>Sent by &nbsp;<strong>Edouard Bustin<\/strong> <\/p>\n","protected":false},"excerpt":{"rendered":"<p>Lex-maire de Dakar Khalifa Sall, en prison depuis deux ans et demi, a retrouv\u00e9 la libert\u00e9 dimanche \u00e0 la faveur d&#8217;une gr\u00e2ce pr\u00e9sidentielle, et a \u00e9t\u00e9 acclam\u00e9 par une foule en liesse lors d&#8217;une travers\u00e9e nocturne de la capitale s\u00e9n\u00e9galaise. &hellip; <a href=\"https:\/\/francophone.port.ac.uk\/?p=2371\">Continue reading <span class=\"meta-nav\">&rarr;<\/span><\/a><\/p>\n","protected":false},"author":9,"featured_media":0,"comment_status":"open","ping_status":"open","sticky":false,"template":"","format":"standard","meta":{"jetpack_post_was_ever_published":false,"_jetpack_newsletter_access":"","_jetpack_dont_email_post_to_subs":false,"_jetpack_newsletter_tier_id":0,"_jetpack_memberships_contains_paywalled_content":false,"_jetpack_memberships_contains_paid_content":false,"footnotes":""},"categories":[1],"tags":[58,453,800,86],"class_list":["post-2371","post","type-post","status-publish","format-standard","hentry","category-uncategorised","tag-africa","tag-politics","tag-religion","tag-senegal"],"jetpack_featured_media_url":"","jetpack_sharing_enabled":true,"_links":{"self":[{"href":"https:\/\/francophone.port.ac.uk\/index.php?rest_route=\/wp\/v2\/posts\/2371","targetHints":{"allow":["GET"]}}],"collection":[{"href":"https:\/\/francophone.port.ac.uk\/index.php?rest_route=\/wp\/v2\/posts"}],"about":[{"href":"https:\/\/francophone.port.ac.uk\/index.php?rest_route=\/wp\/v2\/types\/post"}],"author":[{"embeddable":true,"href":"https:\/\/francophone.port.ac.uk\/index.php?rest_route=\/wp\/v2\/users\/9"}],"replies":[{"embeddable":true,"href":"https:\/\/francophone.port.ac.uk\/index.php?rest_route=%2Fwp%2Fv2%2Fcomments&post=2371"}],"version-history":[{"count":2,"href":"https:\/\/francophone.port.ac.uk\/index.php?rest_route=\/wp\/v2\/posts\/2371\/revisions"}],"predecessor-version":[{"id":2403,"href":"https:\/\/francophone.port.ac.uk\/index.php?rest_route=\/wp\/v2\/posts\/2371\/revisions\/2403"}],"wp:attachment":[{"href":"https:\/\/francophone.port.ac.uk\/index.php?rest_route=%2Fwp%2Fv2%2Fmedia&parent=2371"}],"wp:term":[{"taxonomy":"category","embeddable":true,"href":"https:\/\/francophone.port.ac.uk\/index.php?rest_route=%2Fwp%2Fv2%2Fcategories&post=2371"},{"taxonomy":"post_tag","embeddable":true,"href":"https:\/\/francophone.port.ac.uk\/index.php?rest_route=%2Fwp%2Fv2%2Ftags&post=2371"}],"curies":[{"name":"wp","href":"https:\/\/api.w.org\/{rel}","templated":true}]}}