{"id":2381,"date":"2019-10-11T09:12:46","date_gmt":"2019-10-11T08:12:46","guid":{"rendered":"http:\/\/francophone.port.ac.uk\/?p=2381"},"modified":"2019-10-22T10:42:08","modified_gmt":"2019-10-22T09:42:08","slug":"jacques-chirac-et-lafrique-une-amitie-particuliere","status":"publish","type":"post","link":"https:\/\/francophone.port.ac.uk\/?p=2381","title":{"rendered":"Jacques Chirac et l\u2019Afrique, une amiti\u00e9 particuli\u00e8re"},"content":{"rendered":"\n<p> L\u2019ancien chef de l\u2019Etat est mort le 26&nbsp;septembre. Du Gabon \u00e0 la C\u00f4te d\u2019Ivoire, aucun autre pr\u00e9sident fran\u00e7ais n\u2019a entretenu des liens aussi forts avec certains dirigeants du \u00ab&nbsp;pr\u00e9 carr\u00e9&nbsp;\u00bb. <\/p>\n\n\n\n<p>Entre&nbsp;<a href=\"https:\/\/www.lemonde.fr\/mort-de-jacques-chirac\/\">Jacques Chirac<\/a>&nbsp;et le continent africain, ce fut une histoire d\u2019amiti\u00e9s. Se pencher sur ce que fut \u00ab&nbsp;son&nbsp;\u00bb Afrique revient \u00e0 visiter un panth\u00e9on de la \u00ab&nbsp;Fran\u00e7afrique&nbsp;\u00bb, cette relation abondamment d\u00e9crite faite de rapports opaques entre les dirigeants du continent et ceux de l\u2019ancienne puissance coloniale. Aucun autre pr\u00e9sident fran\u00e7ais ne peut se pr\u00e9valoir d\u2019avoir entretenu des liens aussi forts, amicaux parfois, avec certains chefs d\u2019Etat du \u00ab&nbsp;pr\u00e9 carr\u00e9&nbsp;\u00bb.<\/p>\n\n\n\n<p>Read more on <a href=\"https:\/\/www.lemonde.fr\/afrique\/article\/2019\/09\/26\/jacques-chirac-et-l-afrique-une-amitie-particuliere_6013170_3212.html\"><strong>Le Monde<\/strong><\/a><\/p>\n\n\n\n<p>Sent by Edouard Bustin<\/p>\n","protected":false},"excerpt":{"rendered":"<p>L\u2019ancien chef de l\u2019Etat est mort le 26&nbsp;septembre. Du Gabon \u00e0 la C\u00f4te d\u2019Ivoire, aucun autre pr\u00e9sident fran\u00e7ais n\u2019a entretenu des liens aussi forts avec certains dirigeants du \u00ab&nbsp;pr\u00e9 carr\u00e9&nbsp;\u00bb. Entre&nbsp;Jacques Chirac&nbsp;et le continent africain, ce fut une histoire d\u2019amiti\u00e9s. &hellip; <a href=\"https:\/\/francophone.port.ac.uk\/?p=2381\">Continue reading <span class=\"meta-nav\">&rarr;<\/span><\/a><\/p>\n","protected":false},"author":9,"featured_media":0,"comment_status":"open","ping_status":"open","sticky":false,"template":"","format":"standard","meta":{"jetpack_post_was_ever_published":false,"_jetpack_newsletter_access":"","_jetpack_dont_email_post_to_subs":false,"_jetpack_newsletter_tier_id":0,"_jetpack_memberships_contains_paywalled_content":false,"_jetpack_memberships_contains_paid_content":false,"footnotes":""},"categories":[1],"tags":[508,414,760,152,840],"class_list":["post-2381","post","type-post","status-publish","format-standard","hentry","category-uncategorised","tag-afrique","tag-burkina-faso","tag-cote-divoire","tag-gabon","tag-jacques-chirac"],"jetpack_featured_media_url":"","jetpack_sharing_enabled":true,"_links":{"self":[{"href":"https:\/\/francophone.port.ac.uk\/index.php?rest_route=\/wp\/v2\/posts\/2381","targetHints":{"allow":["GET"]}}],"collection":[{"href":"https:\/\/francophone.port.ac.uk\/index.php?rest_route=\/wp\/v2\/posts"}],"about":[{"href":"https:\/\/francophone.port.ac.uk\/index.php?rest_route=\/wp\/v2\/types\/post"}],"author":[{"embeddable":true,"href":"https:\/\/francophone.port.ac.uk\/index.php?rest_route=\/wp\/v2\/users\/9"}],"replies":[{"embeddable":true,"href":"https:\/\/francophone.port.ac.uk\/index.php?rest_route=%2Fwp%2Fv2%2Fcomments&post=2381"}],"version-history":[{"count":2,"href":"https:\/\/francophone.port.ac.uk\/index.php?rest_route=\/wp\/v2\/posts\/2381\/revisions"}],"predecessor-version":[{"id":2404,"href":"https:\/\/francophone.port.ac.uk\/index.php?rest_route=\/wp\/v2\/posts\/2381\/revisions\/2404"}],"wp:attachment":[{"href":"https:\/\/francophone.port.ac.uk\/index.php?rest_route=%2Fwp%2Fv2%2Fmedia&parent=2381"}],"wp:term":[{"taxonomy":"category","embeddable":true,"href":"https:\/\/francophone.port.ac.uk\/index.php?rest_route=%2Fwp%2Fv2%2Fcategories&post=2381"},{"taxonomy":"post_tag","embeddable":true,"href":"https:\/\/francophone.port.ac.uk\/index.php?rest_route=%2Fwp%2Fv2%2Ftags&post=2381"}],"curies":[{"name":"wp","href":"https:\/\/api.w.org\/{rel}","templated":true}]}}