{"id":2410,"date":"2019-10-25T12:53:30","date_gmt":"2019-10-25T11:53:30","guid":{"rendered":"http:\/\/francophone.port.ac.uk\/?p=2410"},"modified":"2019-10-25T12:53:34","modified_gmt":"2019-10-25T11:53:34","slug":"centrafrique-echos-lointains-dune-crise-oubliee","status":"publish","type":"post","link":"https:\/\/francophone.port.ac.uk\/?p=2410","title":{"rendered":"Centrafrique : \u00e9chos lointains d\u2019une crise oubli\u00e9e"},"content":{"rendered":"\n<p> Depuis la\u00a0<a href=\"https:\/\/www.lemonde.fr\/afrique\/article\/2016\/10\/31\/centrafrique-la-france-met-officiellement-fin-a-l-operation-sangaris_5023219_3212.html\">fin de la mission militaire fran\u00e7aise Sangaris en 2016<\/a>, la R\u00e9publique centrafricaine (RCA) a largement disparu des m\u00e9dias fran\u00e7ais. Pourtant, la situation centrafricaine m\u00e9rite qu\u2019on s\u2019int\u00e9resse encore \u00e0 elle pour ce qu\u2019elle nous dit de la France, de l\u2019Afrique et du monde. <\/p>\n\n\n\n<h2 class=\"wp-block-heading\">Une paix relative, une gouvernance catastrophique<\/h2>\n\n\n\n<p>Un accord de paix, dit \u00ab\u00a0accord de Khartoum\u00a0\u00bb, qui consacre l\u2019impunit\u00e9 des seigneurs de guerre et leur conf\u00e8re des postes gouvernementaux,\u00a0<a href=\"https:\/\/theconversation.com\/centrafrique-quand-lobjectif-est-la-negociation-et-non-la-paix-114152\">a \u00e9t\u00e9 sign\u00e9 en f\u00e9vrier dernier<\/a>\u00a0sous l\u2019\u00e9gide de l\u2019Union africaine, avec la b\u00e9n\u00e9diction de l\u2019ONU et gr\u00e2ce \u00e0 l\u2019interm\u00e9diation secr\u00e8te de la Russie. Depuis, il r\u00e8gne en RCA une de ces situations de \u00ab\u00a0ni paix ni guerre\u00a0\u00bb qui peuvent durer des ann\u00e9es. En \u00e9change d\u2019une tr\u00eave relative, les groupes arm\u00e9s, qui font officiellement partie du\u00a0<a href=\"https:\/\/www.jeuneafrique.com\/753248\/politique\/centrafrique-les-groupes-armes-gagnent-des-portefeuilles-dans-le-nouveau-gouvernement\/\">gouvernement institu\u00e9 en mars par le pr\u00e9sident Faustin-Archange Touad\u00e9ra<\/a>, conservent leur mainmise territoriale et \u00e9conomique sur une grande partie du pays, et marchandent pas \u00e0 pas la mise en \u0153uvre de l\u2019accord de paix. Seul ce dernier point int\u00e9resse les acteurs internationaux impliqu\u00e9s dans la gestion du conflit (l\u2019ONU, l\u2019Union africaine, l\u2019UE, la France, les \u00c9tats-Unis et, plus r\u00e9cemment, la Russie), qui font mine d\u2019ignorer la gouvernance catastrophique du pays comme si conflit et gouvernance n\u2019\u00e9taient pas \u00e9troitement li\u00e9s.<\/p>\n\n\n\n<p>Read more on <a href=\"http:\/\/theconversation.com\/centrafrique-echos-lointains-dune-crise-oubliee-124949\"><strong>THE CONVERSATION<\/strong><\/a><\/p>\n","protected":false},"excerpt":{"rendered":"<p>Depuis la\u00a0fin de la mission militaire fran\u00e7aise Sangaris en 2016, la R\u00e9publique centrafricaine (RCA) a largement disparu des m\u00e9dias fran\u00e7ais. Pourtant, la situation centrafricaine m\u00e9rite qu\u2019on s\u2019int\u00e9resse encore \u00e0 elle pour ce qu\u2019elle nous dit de la France, de l\u2019Afrique &hellip; <a href=\"https:\/\/francophone.port.ac.uk\/?p=2410\">Continue reading <span class=\"meta-nav\">&rarr;<\/span><\/a><\/p>\n","protected":false},"author":9,"featured_media":0,"comment_status":"open","ping_status":"open","sticky":false,"template":"","format":"standard","meta":{"jetpack_post_was_ever_published":false,"_jetpack_newsletter_access":"","_jetpack_dont_email_post_to_subs":false,"_jetpack_newsletter_tier_id":0,"_jetpack_memberships_contains_paywalled_content":false,"_jetpack_memberships_contains_paid_content":false,"footnotes":""},"categories":[1],"tags":[508,827,88,537],"class_list":["post-2410","post","type-post","status-publish","format-standard","hentry","category-uncategorised","tag-afrique","tag-centrafrique","tag-francafrique","tag-governance"],"jetpack_featured_media_url":"","jetpack_sharing_enabled":true,"_links":{"self":[{"href":"https:\/\/francophone.port.ac.uk\/index.php?rest_route=\/wp\/v2\/posts\/2410","targetHints":{"allow":["GET"]}}],"collection":[{"href":"https:\/\/francophone.port.ac.uk\/index.php?rest_route=\/wp\/v2\/posts"}],"about":[{"href":"https:\/\/francophone.port.ac.uk\/index.php?rest_route=\/wp\/v2\/types\/post"}],"author":[{"embeddable":true,"href":"https:\/\/francophone.port.ac.uk\/index.php?rest_route=\/wp\/v2\/users\/9"}],"replies":[{"embeddable":true,"href":"https:\/\/francophone.port.ac.uk\/index.php?rest_route=%2Fwp%2Fv2%2Fcomments&post=2410"}],"version-history":[{"count":1,"href":"https:\/\/francophone.port.ac.uk\/index.php?rest_route=\/wp\/v2\/posts\/2410\/revisions"}],"predecessor-version":[{"id":2411,"href":"https:\/\/francophone.port.ac.uk\/index.php?rest_route=\/wp\/v2\/posts\/2410\/revisions\/2411"}],"wp:attachment":[{"href":"https:\/\/francophone.port.ac.uk\/index.php?rest_route=%2Fwp%2Fv2%2Fmedia&parent=2410"}],"wp:term":[{"taxonomy":"category","embeddable":true,"href":"https:\/\/francophone.port.ac.uk\/index.php?rest_route=%2Fwp%2Fv2%2Fcategories&post=2410"},{"taxonomy":"post_tag","embeddable":true,"href":"https:\/\/francophone.port.ac.uk\/index.php?rest_route=%2Fwp%2Fv2%2Ftags&post=2410"}],"curies":[{"name":"wp","href":"https:\/\/api.w.org\/{rel}","templated":true}]}}