{"id":2427,"date":"2019-11-13T10:59:04","date_gmt":"2019-11-13T10:59:04","guid":{"rendered":"http:\/\/francophone.port.ac.uk\/?p=2427"},"modified":"2019-11-13T10:59:10","modified_gmt":"2019-11-13T10:59:10","slug":"senegal-la-puissante-confrerie-des-mourides-inaugure-sa-tres-grande-mosquee","status":"publish","type":"post","link":"https:\/\/francophone.port.ac.uk\/?p=2427","title":{"rendered":"S\u00e9n\u00e9gal: la puissante confr\u00e9rie des mourides inaugure sa tr\u00e8s grande mosqu\u00e9e"},"content":{"rendered":"\n<p>La confr\u00e9rie musulmane des mourides, l&#8217;une des plus influentes du S\u00e9n\u00e9gal, inaugure vendredi \u00e0 Dakar une tr\u00e8s grande mosqu\u00e9e, apr\u00e8s 10 ann\u00e9es de travaux financ\u00e9s par les fid\u00e8les, un \u00e9v\u00e9nement majeur dans un pays \u00e0 plus de 90% musulman.<\/p>\n\n\n\n<p>Construite \u00e0 l&#8217;initiative des mourides, l&#8217;une des confr\u00e9ries les plus importantes de ce pays d&#8217;Afrique de l&#8217;Ouest avec celles de tidiane, des khadre et des lay\u00e8ne, elle est implant\u00e9e sur un ancien site mar\u00e9cageux de six hectares mis \u00e0 disposition par l&#8217;Etat dans le quartier populaire de Bopp.<\/p>\n\n\n\n<p>La mosqu\u00e9e Massalikul Jinaan (les chemins du paradis), dont le nom est inspir\u00e9 du titre d&#8217;un des po\u00e8mes (khassaides) du fondateur au XIXe si\u00e8cle du mouridisme, Cheikh Ahmadou Bamba Mback\u00e9, se veut ouverte \u00e0 l&#8217;ensemble des fid\u00e8les musulmans, insistent ses promoteurs.<\/p>\n\n\n\n<p>Les mourides, qui &#8220;dominent les secteurs du commerce, de l&#8217;import-export, de l&#8217;agriculture ou encore des m\u00e9dias&#8221;, selon le chercheur Cheikh Gu\u00e8ye, frappent un grand coup en s&#8217;implantant spectaculairement au coeur de Dakar.<\/p>\n\n\n\n<p>Read more on <strong><a href=\"http:\/\/www.slateafrique.com\/995235\/senegal-la-puissante-confrerie-des-mourides-inaugure-sa-tres-grande-mosquee-\">Slate Afrique<\/a><\/strong><\/p>\n\n\n\n<p>Sent by Edouard Bustin<\/p>\n","protected":false},"excerpt":{"rendered":"<p>La confr\u00e9rie musulmane des mourides, l&#8217;une des plus influentes du S\u00e9n\u00e9gal, inaugure vendredi \u00e0 Dakar une tr\u00e8s grande mosqu\u00e9e, apr\u00e8s 10 ann\u00e9es de travaux financ\u00e9s par les fid\u00e8les, un \u00e9v\u00e9nement majeur dans un pays \u00e0 plus de 90% musulman. Construite &hellip; <a href=\"https:\/\/francophone.port.ac.uk\/?p=2427\">Continue reading <span class=\"meta-nav\">&rarr;<\/span><\/a><\/p>\n","protected":false},"author":9,"featured_media":0,"comment_status":"open","ping_status":"open","sticky":false,"template":"","format":"standard","meta":{"jetpack_post_was_ever_published":false,"_jetpack_newsletter_access":"","_jetpack_dont_email_post_to_subs":false,"_jetpack_newsletter_tier_id":0,"_jetpack_memberships_contains_paywalled_content":false,"_jetpack_memberships_contains_paid_content":false,"footnotes":""},"categories":[1],"tags":[449,309,856,86],"class_list":["post-2427","post","type-post","status-publish","format-standard","hentry","category-uncategorised","tag-dakar","tag-islam","tag-mosque","tag-senegal"],"jetpack_featured_media_url":"","jetpack_sharing_enabled":true,"_links":{"self":[{"href":"https:\/\/francophone.port.ac.uk\/index.php?rest_route=\/wp\/v2\/posts\/2427","targetHints":{"allow":["GET"]}}],"collection":[{"href":"https:\/\/francophone.port.ac.uk\/index.php?rest_route=\/wp\/v2\/posts"}],"about":[{"href":"https:\/\/francophone.port.ac.uk\/index.php?rest_route=\/wp\/v2\/types\/post"}],"author":[{"embeddable":true,"href":"https:\/\/francophone.port.ac.uk\/index.php?rest_route=\/wp\/v2\/users\/9"}],"replies":[{"embeddable":true,"href":"https:\/\/francophone.port.ac.uk\/index.php?rest_route=%2Fwp%2Fv2%2Fcomments&post=2427"}],"version-history":[{"count":1,"href":"https:\/\/francophone.port.ac.uk\/index.php?rest_route=\/wp\/v2\/posts\/2427\/revisions"}],"predecessor-version":[{"id":2428,"href":"https:\/\/francophone.port.ac.uk\/index.php?rest_route=\/wp\/v2\/posts\/2427\/revisions\/2428"}],"wp:attachment":[{"href":"https:\/\/francophone.port.ac.uk\/index.php?rest_route=%2Fwp%2Fv2%2Fmedia&parent=2427"}],"wp:term":[{"taxonomy":"category","embeddable":true,"href":"https:\/\/francophone.port.ac.uk\/index.php?rest_route=%2Fwp%2Fv2%2Fcategories&post=2427"},{"taxonomy":"post_tag","embeddable":true,"href":"https:\/\/francophone.port.ac.uk\/index.php?rest_route=%2Fwp%2Fv2%2Ftags&post=2427"}],"curies":[{"name":"wp","href":"https:\/\/api.w.org\/{rel}","templated":true}]}}