{"id":2457,"date":"2019-12-02T16:42:42","date_gmt":"2019-12-02T16:42:42","guid":{"rendered":"http:\/\/francophone.port.ac.uk\/?p=2457"},"modified":"2019-12-02T16:42:47","modified_gmt":"2019-12-02T16:42:47","slug":"les-deportes-algeriens-vers-la-nouvelle-caledonie-objet-dun-nouvel-ouvrage","status":"publish","type":"post","link":"https:\/\/francophone.port.ac.uk\/?p=2457","title":{"rendered":"Les d\u00e9port\u00e9s alg\u00e9riens vers la Nouvelle-Cal\u00e9donie, objet d\u2019un nouvel ouvrage"},"content":{"rendered":"\n<p><strong>&#8220;Le travail de recherche m\u2019a pris plus de quatre ans. Cependant, je suis soulag\u00e9 de trouver des v\u00e9rit\u00e9s sur cette douloureuse histoire de notre pays tant ignor\u00e9e m\u00eame dans les programmes scolaires. Je pense aussi que cet ouvrage tendra \u00e0 r\u00e9habiliter le peuple avec son pass\u00e9, car avec le rappel du pass\u00e9, la m\u00e9moire s&#8217;apaise&#8221;.<\/strong><\/p>\n\n\n\n<p>Apr\u00e8s avoir \u00e9dit\u00e9 son premier ouvrage en 2018, intitul\u00e9 Les bagnards alg\u00e9riens de Cayenne, l\u2019\u00e9crivain Mustapha Hadj Ali signe un autre ouvrage sur l\u2019insurrection de 1871, plus particuli\u00e8rement les d\u00e9portations qui s\u2019en sont suivi. Dans cet ouvrage intitul\u00e9 Les Alg\u00e9riens en Nouvelle- Cal\u00e9donie, l\u2019insurrection de 1871, l\u2019auteur qui lui a consacr\u00e9 des ann\u00e9es de recherche a r\u00e9ussi \u00e0 reconstituer une partie importante de cette page douloureuse de l\u2019histoire des d\u00e9port\u00e9s alg\u00e9riens vers la Nouvelle-Cal\u00e9donie, cette terre lointaine de l\u2019oc\u00e9an Pacifique.\u00a0<\/p>\n\n\n\n<p>Read more on <a href=\"https:\/\/www.liberte-algerie.com\/culture\/les-deportes-algeriens-vers-la-nouvelle-caledonie-objet-dun-nouvel-ouvrage-329243\"><strong>Liberte Algerie<\/strong><\/a><\/p>\n","protected":false},"excerpt":{"rendered":"<p>&#8220;Le travail de recherche m\u2019a pris plus de quatre ans. Cependant, je suis soulag\u00e9 de trouver des v\u00e9rit\u00e9s sur cette douloureuse histoire de notre pays tant ignor\u00e9e m\u00eame dans les programmes scolaires. Je pense aussi que cet ouvrage tendra \u00e0 &hellip; <a href=\"https:\/\/francophone.port.ac.uk\/?p=2457\">Continue reading <span class=\"meta-nav\">&rarr;<\/span><\/a><\/p>\n","protected":false},"author":9,"featured_media":0,"comment_status":"open","ping_status":"open","sticky":false,"template":"","format":"standard","meta":{"jetpack_post_was_ever_published":false,"_jetpack_newsletter_access":"","_jetpack_dont_email_post_to_subs":false,"_jetpack_newsletter_tier_id":0,"_jetpack_memberships_contains_paywalled_content":false,"_jetpack_memberships_contains_paid_content":false,"footnotes":""},"categories":[1],"tags":[27,394],"class_list":["post-2457","post","type-post","status-publish","format-standard","hentry","category-uncategorised","tag-algeria","tag-history"],"jetpack_featured_media_url":"","jetpack_sharing_enabled":true,"_links":{"self":[{"href":"https:\/\/francophone.port.ac.uk\/index.php?rest_route=\/wp\/v2\/posts\/2457","targetHints":{"allow":["GET"]}}],"collection":[{"href":"https:\/\/francophone.port.ac.uk\/index.php?rest_route=\/wp\/v2\/posts"}],"about":[{"href":"https:\/\/francophone.port.ac.uk\/index.php?rest_route=\/wp\/v2\/types\/post"}],"author":[{"embeddable":true,"href":"https:\/\/francophone.port.ac.uk\/index.php?rest_route=\/wp\/v2\/users\/9"}],"replies":[{"embeddable":true,"href":"https:\/\/francophone.port.ac.uk\/index.php?rest_route=%2Fwp%2Fv2%2Fcomments&post=2457"}],"version-history":[{"count":1,"href":"https:\/\/francophone.port.ac.uk\/index.php?rest_route=\/wp\/v2\/posts\/2457\/revisions"}],"predecessor-version":[{"id":2458,"href":"https:\/\/francophone.port.ac.uk\/index.php?rest_route=\/wp\/v2\/posts\/2457\/revisions\/2458"}],"wp:attachment":[{"href":"https:\/\/francophone.port.ac.uk\/index.php?rest_route=%2Fwp%2Fv2%2Fmedia&parent=2457"}],"wp:term":[{"taxonomy":"category","embeddable":true,"href":"https:\/\/francophone.port.ac.uk\/index.php?rest_route=%2Fwp%2Fv2%2Fcategories&post=2457"},{"taxonomy":"post_tag","embeddable":true,"href":"https:\/\/francophone.port.ac.uk\/index.php?rest_route=%2Fwp%2Fv2%2Ftags&post=2457"}],"curies":[{"name":"wp","href":"https:\/\/api.w.org\/{rel}","templated":true}]}}