{"id":2461,"date":"2019-12-09T12:56:00","date_gmt":"2019-12-09T12:56:00","guid":{"rendered":"http:\/\/francophone.port.ac.uk\/?p=2461"},"modified":"2019-12-09T12:56:06","modified_gmt":"2019-12-09T12:56:06","slug":"rca-lupc-elargit-son-perimetre-dinfluence-sur-le-territoire","status":"publish","type":"post","link":"https:\/\/francophone.port.ac.uk\/?p=2461","title":{"rendered":"RCA: l\u2019UPC \u00e9largit son p\u00e9rim\u00e8tre d\u2019influence sur le territoire"},"content":{"rendered":"\n<h4 class=\"wp-block-heading\"><em>En RCA, alors qu\u2019un accord de paix a \u00e9t\u00e9 sign\u00e9 entre 14 groupes arm\u00e9s et le gouvernement, les violences se poursuivent. La Minusca a condamn\u00e9 l\u2019attitude de l\u2019UPC en violation des principes de l\u2019accord de paix dont il est signataire.<\/em><\/h4>\n\n\n\n<p>M\u00eame si les chiffres ont sensiblement baiss\u00e9, la Minusca r\u00e9pertorie entre 50 et 70 violations de l\u2019accord chaque semaine. Les violences impliquant le MLCJ et FPRC ont eu lieu dans la r\u00e9gion de Birao \u00e0 l\u2019extr\u00eame nord-est o\u00f9 environ 24 000 personnes ont \u00e9t\u00e9 d\u00e9plac\u00e9es.<\/p>\n\n\n\n<p>Dans l\u2019extr\u00eame nord-ouest, dans la zone de Koui, la Minusca a men\u00e9 une op\u00e9ration contre le groupe 3R.<\/p>\n\n\n\n<p> Mais pendant que les projecteurs sont braqu\u00e9s sur ces zones, un autre groupe avance ses pions.\u00a0<strong><a rel=\"noreferrer noopener\" target=\"_blank\" href=\"http:\/\/www.rfi.fr\/afrique\/20180602-rca-bambari-onu-minusca-upc-ali-darass-ocha\">L\u2019Union pour la paix en Centrafrique (UPC)<\/a><\/strong>, signataire de l\u2019accord de paix, avance dans le sud-est du pays. <\/p>\n\n\n\n<p>Read more on <a href=\"http:\/\/www.rfi.fr\/afrique\/20191026-rca-upc-minsuca-darass-perimetre-territoire\"><strong>RFI Afrique<\/strong><\/a><\/p>\n","protected":false},"excerpt":{"rendered":"<p>En RCA, alors qu\u2019un accord de paix a \u00e9t\u00e9 sign\u00e9 entre 14 groupes arm\u00e9s et le gouvernement, les violences se poursuivent. La Minusca a condamn\u00e9 l\u2019attitude de l\u2019UPC en violation des principes de l\u2019accord de paix dont il est signataire. &hellip; <a href=\"https:\/\/francophone.port.ac.uk\/?p=2461\">Continue reading <span class=\"meta-nav\">&rarr;<\/span><\/a><\/p>\n","protected":false},"author":9,"featured_media":0,"comment_status":"open","ping_status":"open","sticky":false,"template":"","format":"standard","meta":{"jetpack_post_was_ever_published":false,"_jetpack_newsletter_access":"","_jetpack_dont_email_post_to_subs":false,"_jetpack_newsletter_tier_id":0,"_jetpack_memberships_contains_paywalled_content":false,"_jetpack_memberships_contains_paid_content":false,"footnotes":""},"categories":[1],"tags":[878,879,552,877],"class_list":["post-2461","post","type-post","status-publish","format-standard","hentry","category-uncategorised","tag-minusca","tag-rca","tag-un","tag-union-pour-la-paix-en-centrafrique"],"jetpack_featured_media_url":"","jetpack_sharing_enabled":true,"_links":{"self":[{"href":"https:\/\/francophone.port.ac.uk\/index.php?rest_route=\/wp\/v2\/posts\/2461","targetHints":{"allow":["GET"]}}],"collection":[{"href":"https:\/\/francophone.port.ac.uk\/index.php?rest_route=\/wp\/v2\/posts"}],"about":[{"href":"https:\/\/francophone.port.ac.uk\/index.php?rest_route=\/wp\/v2\/types\/post"}],"author":[{"embeddable":true,"href":"https:\/\/francophone.port.ac.uk\/index.php?rest_route=\/wp\/v2\/users\/9"}],"replies":[{"embeddable":true,"href":"https:\/\/francophone.port.ac.uk\/index.php?rest_route=%2Fwp%2Fv2%2Fcomments&post=2461"}],"version-history":[{"count":1,"href":"https:\/\/francophone.port.ac.uk\/index.php?rest_route=\/wp\/v2\/posts\/2461\/revisions"}],"predecessor-version":[{"id":2462,"href":"https:\/\/francophone.port.ac.uk\/index.php?rest_route=\/wp\/v2\/posts\/2461\/revisions\/2462"}],"wp:attachment":[{"href":"https:\/\/francophone.port.ac.uk\/index.php?rest_route=%2Fwp%2Fv2%2Fmedia&parent=2461"}],"wp:term":[{"taxonomy":"category","embeddable":true,"href":"https:\/\/francophone.port.ac.uk\/index.php?rest_route=%2Fwp%2Fv2%2Fcategories&post=2461"},{"taxonomy":"post_tag","embeddable":true,"href":"https:\/\/francophone.port.ac.uk\/index.php?rest_route=%2Fwp%2Fv2%2Ftags&post=2461"}],"curies":[{"name":"wp","href":"https:\/\/api.w.org\/{rel}","templated":true}]}}