{"id":2466,"date":"2019-12-16T11:21:50","date_gmt":"2019-12-16T11:21:50","guid":{"rendered":"http:\/\/francophone.port.ac.uk\/?p=2466"},"modified":"2019-12-16T11:22:11","modified_gmt":"2019-12-16T11:22:11","slug":"operation-barkhane-il-sagit-de-maintenir-la-violence-a-un-niveau-tolerable-explique-michel-goya","status":"publish","type":"post","link":"https:\/\/francophone.port.ac.uk\/?p=2466","title":{"rendered":"Op\u00e9ration Barkhane : &#8220;Il s&#8217;agit de maintenir la violence \u00e0 un niveau tol\u00e9rable&#8221;, explique Michel Goya"},"content":{"rendered":"\n<p> <em>L&#8217;historien militaire et ancien colonel Michel Goya analyse le sens de l&#8217;engagement des soldats fran\u00e7ais dans l&#8217;op\u00e9ration Barkhane au Mali, alors qu&#8217;un hommage national sera rendu lundi 2 d\u00e9cembre aux treize militaires tu\u00e9s dans la collision de deux h\u00e9licopt\u00e8res lors d&#8217;une op\u00e9ration de combat.<\/em><\/p>\n\n\n\n<p>&#8220;<em>Je suis persuad\u00e9 que ce que nous faisons est utile, bien et n\u00e9cessaire<\/em>&#8220;, a soutenu ce mercredi 27 novembre, \u00e0 l&#8217;antenne de France Inter, le chef d&#8217;\u00e9tat-major des arm\u00e9es, Fran\u00e7ois Lecointre, \u00e0 propos de l&#8217;op\u00e9ration Barkhane dans le Sahel. Ce, alors que lundi soir, 13 des 4.500 soldats engag\u00e9s par la France au Mali sont\u00a0<a href=\"https:\/\/www.marianne.net\/societe\/mali-13-soldats-francais-tues-dans-un-accident-d-helicopteres-lors-d-une-operation-contre\">morts<\/a>\u00a0dans la collision de deux h\u00e9licopt\u00e8res lors d&#8217;une mission de combat contre des djihadistes. Michel Goya, historien militaire et ancien colonel des troupes de marine, auteur de\u00a0<em>Sous le feu &#8211; La mort comme hypoth\u00e8se de travail<\/em>\u00a0-, analyse\u00a0le sens de l&#8217;engagement de nos soldats dans ce conflit.<\/p>\n\n\n\n<p><strong>Read more on <a href=\"https:\/\/www.marianne.net\/societe\/operation-barkhane-il-s-agit-de-maintenir-la-violence-un-niveau-tolerable-explique-michel\">Marianne <\/a><\/strong><\/p>\n\n\n\n<p>Sent by  Edouard Bustin <\/p>\n","protected":false},"excerpt":{"rendered":"<p>L&#8217;historien militaire et ancien colonel Michel Goya analyse le sens de l&#8217;engagement des soldats fran\u00e7ais dans l&#8217;op\u00e9ration Barkhane au Mali, alors qu&#8217;un hommage national sera rendu lundi 2 d\u00e9cembre aux treize militaires tu\u00e9s dans la collision de deux h\u00e9licopt\u00e8res lors &hellip; <a href=\"https:\/\/francophone.port.ac.uk\/?p=2466\">Continue reading <span class=\"meta-nav\">&rarr;<\/span><\/a><\/p>\n","protected":false},"author":9,"featured_media":0,"comment_status":"open","ping_status":"open","sticky":false,"template":"","format":"standard","meta":{"jetpack_post_was_ever_published":false,"_jetpack_newsletter_access":"","_jetpack_dont_email_post_to_subs":false,"_jetpack_newsletter_tier_id":0,"_jetpack_memberships_contains_paywalled_content":false,"_jetpack_memberships_contains_paid_content":false,"footnotes":""},"categories":[1],"tags":[58,569,252,722,424,72,67],"class_list":["post-2466","post","type-post","status-publish","format-standard","hentry","category-uncategorised","tag-africa","tag-barkhane","tag-france","tag-intervention","tag-jihadism","tag-mali","tag-west-africa"],"jetpack_featured_media_url":"","jetpack_sharing_enabled":true,"_links":{"self":[{"href":"https:\/\/francophone.port.ac.uk\/index.php?rest_route=\/wp\/v2\/posts\/2466","targetHints":{"allow":["GET"]}}],"collection":[{"href":"https:\/\/francophone.port.ac.uk\/index.php?rest_route=\/wp\/v2\/posts"}],"about":[{"href":"https:\/\/francophone.port.ac.uk\/index.php?rest_route=\/wp\/v2\/types\/post"}],"author":[{"embeddable":true,"href":"https:\/\/francophone.port.ac.uk\/index.php?rest_route=\/wp\/v2\/users\/9"}],"replies":[{"embeddable":true,"href":"https:\/\/francophone.port.ac.uk\/index.php?rest_route=%2Fwp%2Fv2%2Fcomments&post=2466"}],"version-history":[{"count":2,"href":"https:\/\/francophone.port.ac.uk\/index.php?rest_route=\/wp\/v2\/posts\/2466\/revisions"}],"predecessor-version":[{"id":2468,"href":"https:\/\/francophone.port.ac.uk\/index.php?rest_route=\/wp\/v2\/posts\/2466\/revisions\/2468"}],"wp:attachment":[{"href":"https:\/\/francophone.port.ac.uk\/index.php?rest_route=%2Fwp%2Fv2%2Fmedia&parent=2466"}],"wp:term":[{"taxonomy":"category","embeddable":true,"href":"https:\/\/francophone.port.ac.uk\/index.php?rest_route=%2Fwp%2Fv2%2Fcategories&post=2466"},{"taxonomy":"post_tag","embeddable":true,"href":"https:\/\/francophone.port.ac.uk\/index.php?rest_route=%2Fwp%2Fv2%2Ftags&post=2466"}],"curies":[{"name":"wp","href":"https:\/\/api.w.org\/{rel}","templated":true}]}}