{"id":2611,"date":"2020-06-01T18:34:27","date_gmt":"2020-06-01T17:34:27","guid":{"rendered":"http:\/\/francophone.port.ac.uk\/?p=2611"},"modified":"2020-06-01T18:34:27","modified_gmt":"2020-06-01T17:34:27","slug":"derniers-articles-afrique-de-louest-covid-19","status":"publish","type":"post","link":"https:\/\/francophone.port.ac.uk\/?p=2611","title":{"rendered":"Derniers articles: Afrique de l\u2019ouest &#038; Covid-19"},"content":{"rendered":"<h2><a href=\"https:\/\/www.futuribles.com\/fr\/document\/deux-visions-pour-une-afrique-de-louest-post-covid\/\">Deux visions pour une Afrique de l\u2019Ouest post-Covid-19<\/a><\/h2>\n<p>Thierry Hommel, directeur du forum prospectif de l\u2019Afrique de l\u2019Ouest, s\u2019attarde sur la gestion sanitaire de la crise du Covid-19 dans les pays d\u2019Afrique de l\u2019Ouest.<\/p>\n<p><a href=\"https:\/\/www.futuribles.com\/\" target=\"_blank\" rel=\"noopener noreferrer\">Futuribles<\/a><\/p>\n<h2 class=\"legacy entry-title instapaper_title\"><a href=\"https:\/\/theconversation.com\/lexperience-malienne-dans-la-gestion-de-la-pandemie-du-covid-19-138158\"><strong>L\u2019exp\u00e9rience malienne dans la\u00a0gestion de\u00a0la\u00a0pand\u00e9mie du\u00a0<span class=\"nobr\">Covid-19<\/span><\/strong><\/a><\/h2>\n<p>Alors que la pand\u00e9mie s\u2019\u00e9tait d\u00e9j\u00e0 largement r\u00e9pandue \u00e0 travers le monde, y compris dans des pays voisins du Mali (S\u00e9n\u00e9gal, Burkina Faso, C\u00f4te d\u2019Ivoire) qui affichaient des niveaux de propagation importants, celui-ci en est (officiellement) rest\u00e9 longtemps \u00e9pargn\u00e9\u00a0; une situation qui, loin d\u2019\u00eatre satisfaisante, laissait perplexe beaucoup de Maliens et d\u2019observateurs\u00a0: les services de sant\u00e9 maliens \u00e9taient-ils suffisamment \u00e9quip\u00e9s pour pouvoir d\u00e9tecter le Covid-19 chez les patients suspects\u00a0?<\/p>\n<p><a href=\"https:\/\/theconversation.com\/lexperience-malienne-dans-la-gestion-de-la-pandemie-du-covid-19-138158\">The Conversation<\/a><\/p>\n<h2 class=\"w-blogpost-title entry-title\"><a href=\"https:\/\/www.wathi.org\/voter-a-lheurt-de-la-covid-19-en-afrique-de-louest-a-qui-profite-la-crise\/\">Voter au heurt de la COVID-19 en Afrique de l\u2019Ouest : \u00e0 qui profite la crise?<\/a><\/h2>\n<p>Kamina Diallo conclut que lutte contre l\u2019instrumentalisation de la crise par les pouvoirs en place, mais aussi les oppositions est essentielle pour garantir le respect des droits et libert\u00e9s de tous.<\/p>\n<p><a href=\"https:\/\/www.wathi.org\/voter-a-lheurt-de-la-covid-19-en-afrique-de-louest-a-qui-profite-la-crise\/\">Wathi<\/a><\/p>\n","protected":false},"excerpt":{"rendered":"<p>Deux visions pour une Afrique de l\u2019Ouest post-Covid-19 Thierry Hommel, directeur du forum prospectif de l\u2019Afrique de l\u2019Ouest, s\u2019attarde sur la gestion sanitaire de la crise du Covid-19 dans les pays d\u2019Afrique de l\u2019Ouest. Futuribles L\u2019exp\u00e9rience malienne dans la\u00a0gestion de\u00a0la\u00a0pand\u00e9mie &hellip; <a href=\"https:\/\/francophone.port.ac.uk\/?p=2611\">Continue reading <span class=\"meta-nav\">&rarr;<\/span><\/a><\/p>\n","protected":false},"author":9,"featured_media":0,"comment_status":"open","ping_status":"open","sticky":false,"template":"","format":"standard","meta":{"jetpack_post_was_ever_published":false,"_jetpack_newsletter_access":"","_jetpack_dont_email_post_to_subs":false,"_jetpack_newsletter_tier_id":0,"_jetpack_memberships_contains_paywalled_content":false,"_jetpack_memberships_contains_paid_content":false,"footnotes":""},"categories":[3,2],"tags":[906,193,907,72,67],"class_list":["post-2611","post","type-post","status-publish","format-standard","hentry","category-blogs","category-news","tag-covid19","tag-democracy","tag-impact","tag-mali","tag-west-africa"],"jetpack_featured_media_url":"","jetpack_sharing_enabled":true,"_links":{"self":[{"href":"https:\/\/francophone.port.ac.uk\/index.php?rest_route=\/wp\/v2\/posts\/2611","targetHints":{"allow":["GET"]}}],"collection":[{"href":"https:\/\/francophone.port.ac.uk\/index.php?rest_route=\/wp\/v2\/posts"}],"about":[{"href":"https:\/\/francophone.port.ac.uk\/index.php?rest_route=\/wp\/v2\/types\/post"}],"author":[{"embeddable":true,"href":"https:\/\/francophone.port.ac.uk\/index.php?rest_route=\/wp\/v2\/users\/9"}],"replies":[{"embeddable":true,"href":"https:\/\/francophone.port.ac.uk\/index.php?rest_route=%2Fwp%2Fv2%2Fcomments&post=2611"}],"version-history":[{"count":1,"href":"https:\/\/francophone.port.ac.uk\/index.php?rest_route=\/wp\/v2\/posts\/2611\/revisions"}],"predecessor-version":[{"id":2612,"href":"https:\/\/francophone.port.ac.uk\/index.php?rest_route=\/wp\/v2\/posts\/2611\/revisions\/2612"}],"wp:attachment":[{"href":"https:\/\/francophone.port.ac.uk\/index.php?rest_route=%2Fwp%2Fv2%2Fmedia&parent=2611"}],"wp:term":[{"taxonomy":"category","embeddable":true,"href":"https:\/\/francophone.port.ac.uk\/index.php?rest_route=%2Fwp%2Fv2%2Fcategories&post=2611"},{"taxonomy":"post_tag","embeddable":true,"href":"https:\/\/francophone.port.ac.uk\/index.php?rest_route=%2Fwp%2Fv2%2Ftags&post=2611"}],"curies":[{"name":"wp","href":"https:\/\/api.w.org\/{rel}","templated":true}]}}