{"id":2740,"date":"2020-11-25T09:03:37","date_gmt":"2020-11-25T09:03:37","guid":{"rendered":"http:\/\/francophone.port.ac.uk\/?p=2740"},"modified":"2020-11-25T09:03:47","modified_gmt":"2020-11-25T09:03:47","slug":"updates-and-resurces","status":"publish","type":"post","link":"https:\/\/francophone.port.ac.uk\/?p=2740","title":{"rendered":"Updates and Resources"},"content":{"rendered":"<ul>\n<li class=\"entry-title\">\n<h3><a href=\"https:\/\/orientxxi.info\/magazine\/mali-quand-la-logique-militaire-supplante-le-politique,4251\">Mali. Quand la logique militaire supplante le politique<\/a><\/h3>\n<\/li>\n<\/ul>\n<p>Les putschistes qui ont renvers\u00e9 le pr\u00e9sident Ibrahim Boubacar Ke\u00efta le 18\u00a0ao\u00fbt\u00a02020 ont affirm\u00e9 d\u00e8s les premiers jours qu\u2019ils ne remettraient pas en question les ententes et les priorit\u00e9s internationales du Mali. M\u00eame si le coup d\u2019\u00c9tat souligne l\u2019\u00e9chec de leur approche, les Casques bleus de l\u2019<span class=\"caps\">ONU<\/span>\u00a0et les militaires fran\u00e7ais de l\u2019op\u00e9ration Barkhane sont d\u00e9crits comme des partenaires pour la stabilit\u00e9 du pays. La junte montre ainsi sa capacit\u00e9 \u00e0 accepter les r\u00e8gles du jeu, tout en s\u2019appuyant sur une logique militaire qui lui permet de justifier le coup d\u2019\u00c9tat.<\/p>\n<p>Read more on <strong><a href=\"https:\/\/orientxxi.info\/magazine\/mali-quand-la-logique-militaire-supplante-le-politique,4251\">OrientXXI<\/a><\/strong><\/p>\n<ul>\n<li>\n<h3><a href=\"https:\/\/www.letemps.ch\/monde\/mali-contestation-grandit-contre-lemprise-militaires-transition\">Au Mali, la contestation grandit contre l&#8217;emprise des militaires sur la transition<\/a><\/h3>\n<\/li>\n<\/ul>\n<p>Les militaires \u00e0 la t\u00eate du pays depuis le mois d&#8217;ao\u00fbt ont mis en place un organe l\u00e9gislatif, le Conseil national de transition, dont la r\u00e9partition des si\u00e8ges suscite la grogne au sein du Mouvement du 5 Juin, une coalition de partis et d&#8217;organisations de la soci\u00e9t\u00e9 civile.<\/p>\n<p>Read more on <strong><a href=\"https:\/\/www.letemps.ch\/monde\/mali-contestation-grandit-contre-lemprise-militaires-transition\">Le Temps<\/a><\/strong><\/p>\n<ul>\n<li class=\"w-blogpost-title entry-title\">\n<h3><a href=\"https:\/\/www.wathi.org\/tribune-election-burkina\/les-defis-et-les-attentes-des-elections-couplees-de-2020-au-burkina-faso\/?utm_source=WATHI+Newsletter&amp;utm_campaign=4fde49265b-EMAIL_CAMPAIGN_2020_11_20_04_35&amp;utm_medium=email&amp;utm_term=0_b2380edbd0-4fde49265b-263929273\">Les d\u00e9fis et les attentes des \u00e9lections coupl\u00e9es de 2020 au Burkina Faso<\/a><\/h3>\n<\/li>\n<\/ul>\n<p>La p\u00e9riode \u00e9lectorale est un moment o\u00f9 tous les candidats sont en situation de concurrence dans le seul but de conqu\u00e9rir l\u2019\u00e9lectorat. Le fauteuil pr\u00e9sidentiel et les si\u00e8ges de l\u2019Assembl\u00e9e nationale sont les enjeux de ces \u00e9lections de 2020.<\/p>\n<p>Read more on <strong><a href=\"https:\/\/www.wathi.org\/tribune-election-burkina\/les-defis-et-les-attentes-des-elections-couplees-de-2020-au-burkina-faso\/?utm_source=WATHI+Newsletter&amp;utm_campaign=4fde49265b-EMAIL_CAMPAIGN_2020_11_20_04_35&amp;utm_medium=email&amp;utm_term=0_b2380edbd0-4fde49265b-263929273\">WATHI<\/a><\/strong><\/p>\n","protected":false},"excerpt":{"rendered":"<p>Mali. Quand la logique militaire supplante le politique Les putschistes qui ont renvers\u00e9 le pr\u00e9sident Ibrahim Boubacar Ke\u00efta le 18\u00a0ao\u00fbt\u00a02020 ont affirm\u00e9 d\u00e8s les premiers jours qu\u2019ils ne remettraient pas en question les ententes et les priorit\u00e9s internationales du Mali. &hellip; <a href=\"https:\/\/francophone.port.ac.uk\/?p=2740\">Continue reading <span class=\"meta-nav\">&rarr;<\/span><\/a><\/p>\n","protected":false},"author":9,"featured_media":0,"comment_status":"open","ping_status":"open","sticky":false,"template":"","format":"standard","meta":{"jetpack_post_was_ever_published":false,"_jetpack_newsletter_access":"","_jetpack_dont_email_post_to_subs":false,"_jetpack_newsletter_tier_id":0,"_jetpack_memberships_contains_paywalled_content":false,"_jetpack_memberships_contains_paid_content":false,"footnotes":""},"categories":[5],"tags":[414,921,136,72],"class_list":["post-2740","post","type-post","status-publish","format-standard","hentry","category-resources","tag-burkina-faso","tag-coup","tag-elections","tag-mali"],"jetpack_featured_media_url":"","jetpack_sharing_enabled":true,"_links":{"self":[{"href":"https:\/\/francophone.port.ac.uk\/index.php?rest_route=\/wp\/v2\/posts\/2740","targetHints":{"allow":["GET"]}}],"collection":[{"href":"https:\/\/francophone.port.ac.uk\/index.php?rest_route=\/wp\/v2\/posts"}],"about":[{"href":"https:\/\/francophone.port.ac.uk\/index.php?rest_route=\/wp\/v2\/types\/post"}],"author":[{"embeddable":true,"href":"https:\/\/francophone.port.ac.uk\/index.php?rest_route=\/wp\/v2\/users\/9"}],"replies":[{"embeddable":true,"href":"https:\/\/francophone.port.ac.uk\/index.php?rest_route=%2Fwp%2Fv2%2Fcomments&post=2740"}],"version-history":[{"count":2,"href":"https:\/\/francophone.port.ac.uk\/index.php?rest_route=\/wp\/v2\/posts\/2740\/revisions"}],"predecessor-version":[{"id":2742,"href":"https:\/\/francophone.port.ac.uk\/index.php?rest_route=\/wp\/v2\/posts\/2740\/revisions\/2742"}],"wp:attachment":[{"href":"https:\/\/francophone.port.ac.uk\/index.php?rest_route=%2Fwp%2Fv2%2Fmedia&parent=2740"}],"wp:term":[{"taxonomy":"category","embeddable":true,"href":"https:\/\/francophone.port.ac.uk\/index.php?rest_route=%2Fwp%2Fv2%2Fcategories&post=2740"},{"taxonomy":"post_tag","embeddable":true,"href":"https:\/\/francophone.port.ac.uk\/index.php?rest_route=%2Fwp%2Fv2%2Ftags&post=2740"}],"curies":[{"name":"wp","href":"https:\/\/api.w.org\/{rel}","templated":true}]}}