{"id":2776,"date":"2021-01-18T09:32:23","date_gmt":"2021-01-18T09:32:23","guid":{"rendered":"http:\/\/francophone.port.ac.uk\/?p=2776"},"modified":"2021-01-18T09:34:16","modified_gmt":"2021-01-18T09:34:16","slug":"updates-on-francophone-africa","status":"publish","type":"post","link":"https:\/\/francophone.port.ac.uk\/?p=2776","title":{"rendered":"Updates on Francophone Africa"},"content":{"rendered":"<ul>\n<li>\n<h3>La Commission v\u00e9rit\u00e9, justice et r\u00e9conciliation au Mali: un travail th\u00e9rapeutique indispensable<\/h3>\n<\/li>\n<\/ul>\n<p>WATHI Debate on <strong><a href=\"https:\/\/www.rfi.fr\/fr\/podcasts\/%C3%A7a-fait-d%C3%A9bat-avec-wathi\/20210109-la-commission-v%C3%A9rit%C3%A9-justice-et-r%C3%A9conciliation-au-mali-un-travail-th%C3%A9rapeutique-indispensable\">rfi.fr<\/a><\/strong><\/p>\n<ul>\n<li>\n<h3>Quel bilan pour Issoufou et quels d\u00e9fis pour son successeur?<\/h3>\n<\/li>\n<\/ul>\n<p class=\"fh5co-article-title animate-box\"><strong><a href=\"http:\/\/apanews.net\/mobile\/uneInterieure.php?id=4947073\">Apa NEWS: <\/a><\/strong>Tatiana Smirnova, chercheuse associ\u00e9e au Sahel Research Group (Universit\u00e9 de Floride),dresse le bilan des deux quinquennats du pr\u00e9sident sortant, Mahamadou Issoufou, et d\u00e9crit les d\u00e9fis qui attendent son successeur.<\/p>\n<ul>\n<li class=\"page-title\">\n<h3>Boko Haram : La violence contre les civils s\u2019intensifie dans le nord du Cameroun<\/h3>\n<\/li>\n<\/ul>\n<p>Read more on <strong><a href=\"https:\/\/africacenter.org\/fr\/spotlight\/boko-haram-la-violence-contre-les-civils-sintensifie-dans-le-nord-du-cameroun\/\">Centre d&#8217;\u00e9tudes strat\u00e9giques de l&#8217;Afrique<\/a><\/strong><\/p>\n<ul>\n<li>\n<h3>Five civilians killed in Algeria<\/h3>\n<\/li>\n<\/ul>\n<p>The defense ministry declared it is the deadliest attack targeting civilians in recent years.<\/p>\n<p>Read more on <strong><a href=\"https:\/\/www.arabnews.com\/node\/1792691\/middle-east\">Arabnews.com<\/a><\/strong><\/p>\n<ul>\n<li class=\"Headline-headline-2FXIq Headline-black-OogpV ArticleHeader-headline-NlAqj\">\n<h3>Forty-six civilians feared killed in eastern Congo attack<\/h3>\n<\/li>\n<\/ul>\n<p>Forty-six civilians are reported to have been killed in an attack by suspected Ugandan Islamist militants <a href=\"https:\/\/africacenter.org\/spotlight\/the-ever-adaptive-allied-democratic-forces-insurgency\/\">Allied Democratic Forces (ADF)<\/a>. The armed group is believed to have killed more than 1,000 civilians in Eastern Congo since the start of 2019 (UN figures).<\/p>\n<p>Read more on <strong><a href=\"https:\/\/www.reuters.com\/article\/us-congo-security\/forty-six-civilians-feared-killed-in-eastern-congo-attack-official-says-idUSKBN29J2Q6?utm_source=iterable&amp;utm_medium=email&amp;utm_campaign=1905672_\">Reuters<\/a><\/strong><\/p>\n<p>&nbsp;<\/p>\n<p>&nbsp;<\/p>\n","protected":false},"excerpt":{"rendered":"<p>La Commission v\u00e9rit\u00e9, justice et r\u00e9conciliation au Mali: un travail th\u00e9rapeutique indispensable WATHI Debate on rfi.fr Quel bilan pour Issoufou et quels d\u00e9fis pour son successeur? Apa NEWS: Tatiana Smirnova, chercheuse associ\u00e9e au Sahel Research Group (Universit\u00e9 de Floride),dresse le &hellip; <a href=\"https:\/\/francophone.port.ac.uk\/?p=2776\">Continue reading <span class=\"meta-nav\">&rarr;<\/span><\/a><\/p>\n","protected":false},"author":9,"featured_media":0,"comment_status":"open","ping_status":"open","sticky":false,"template":"","format":"standard","meta":{"jetpack_post_was_ever_published":false,"_jetpack_newsletter_access":"","_jetpack_dont_email_post_to_subs":false,"_jetpack_newsletter_tier_id":0,"_jetpack_memberships_contains_paywalled_content":false,"_jetpack_memberships_contains_paid_content":false,"footnotes":""},"categories":[1],"tags":[956,27,385,246,589,72,416],"class_list":["post-2776","post","type-post","status-publish","format-standard","hentry","category-uncategorised","tag-adf","tag-algeria","tag-boko-haram","tag-cameroun","tag-drc","tag-mali","tag-niger"],"jetpack_featured_media_url":"","jetpack_sharing_enabled":true,"_links":{"self":[{"href":"https:\/\/francophone.port.ac.uk\/index.php?rest_route=\/wp\/v2\/posts\/2776","targetHints":{"allow":["GET"]}}],"collection":[{"href":"https:\/\/francophone.port.ac.uk\/index.php?rest_route=\/wp\/v2\/posts"}],"about":[{"href":"https:\/\/francophone.port.ac.uk\/index.php?rest_route=\/wp\/v2\/types\/post"}],"author":[{"embeddable":true,"href":"https:\/\/francophone.port.ac.uk\/index.php?rest_route=\/wp\/v2\/users\/9"}],"replies":[{"embeddable":true,"href":"https:\/\/francophone.port.ac.uk\/index.php?rest_route=%2Fwp%2Fv2%2Fcomments&post=2776"}],"version-history":[{"count":2,"href":"https:\/\/francophone.port.ac.uk\/index.php?rest_route=\/wp\/v2\/posts\/2776\/revisions"}],"predecessor-version":[{"id":2778,"href":"https:\/\/francophone.port.ac.uk\/index.php?rest_route=\/wp\/v2\/posts\/2776\/revisions\/2778"}],"wp:attachment":[{"href":"https:\/\/francophone.port.ac.uk\/index.php?rest_route=%2Fwp%2Fv2%2Fmedia&parent=2776"}],"wp:term":[{"taxonomy":"category","embeddable":true,"href":"https:\/\/francophone.port.ac.uk\/index.php?rest_route=%2Fwp%2Fv2%2Fcategories&post=2776"},{"taxonomy":"post_tag","embeddable":true,"href":"https:\/\/francophone.port.ac.uk\/index.php?rest_route=%2Fwp%2Fv2%2Ftags&post=2776"}],"curies":[{"name":"wp","href":"https:\/\/api.w.org\/{rel}","templated":true}]}}