{"id":2843,"date":"2021-04-01T10:02:08","date_gmt":"2021-04-01T09:02:08","guid":{"rendered":"http:\/\/francophone.port.ac.uk\/?p=2843"},"modified":"2021-04-07T16:30:50","modified_gmt":"2021-04-07T15:30:50","slug":"news-resources-and-upcoming-events","status":"publish","type":"post","link":"https:\/\/francophone.port.ac.uk\/?p=2843","title":{"rendered":"News, Resources and Upcoming Events 1\/04\/2021"},"content":{"rendered":"<h2>News and Reports<\/h2>\n<ul>\n<li>Niger, Mali, Burkina : la strat\u00e9gie de Barkhane a-t-elle atteint ses limites ? &#8211; <a href=\"https:\/\/www.jeuneafrique.com\/1143167\/politique\/infographie-niger-mali-burkina-la-strategie-de-barkhane-a-t-elle-atteint-ses-limites\/\" target=\"_blank\" rel=\"noopener\" data-saferedirecturl=\"https:\/\/www.google.com\/url?q=https:\/\/clingendael.us15.list-manage.com\/track\/click?u%3D4ddfe55a5f5c0b4eb1423529f%26id%3D3bc1d3b131%26e%3Df0d1594d47&amp;source=gmail&amp;ust=1617350350871000&amp;usg=AFQjCNFNmzuVsJOfzXhjS_jNRfZut3eD_A\">Jeune Afrique<\/a><\/li>\n<li>Rapport sur l&#8217;incident de Bounty du 3 janvier 2021- <a href=\"https:\/\/minusma.unmissions.org\/sites\/default\/files\/rapport_final_bounty_bounty9.pdf\" target=\"_blank\" rel=\"noopener\" data-saferedirecturl=\"https:\/\/www.google.com\/url?q=https:\/\/clingendael.us15.list-manage.com\/track\/click?u%3D4ddfe55a5f5c0b4eb1423529f%26id%3Dcc3809838a%26e%3Df0d1594d47&amp;source=gmail&amp;ust=1617350350872000&amp;usg=AFQjCNEOLJMnbvwSVvSqhxZPPBuBnfKwaQ\">Nations Unies<\/a><\/li>\n<li>G5 Sahel: le bataillon tchadien est arriv\u00e9 \u00e0 la fronti\u00e8re malienne &#8211; <a href=\"https:\/\/www.rfi.fr\/fr\/afrique\/20210329-g5-sahel-le-bataillon-tchadien-est-arriv%C3%A9-%C3%A0-la-fronti%C3%A8re-malienne\" target=\"_blank\" rel=\"noopener\" data-saferedirecturl=\"https:\/\/www.google.com\/url?q=https:\/\/clingendael.us15.list-manage.com\/track\/click?u%3D4ddfe55a5f5c0b4eb1423529f%26id%3Da08db892fb%26e%3Df0d1594d47&amp;source=gmail&amp;ust=1617350350871000&amp;usg=AFQjCNEvn7a4gY5YHrCNs9ykYNp0PYZrpw\">RFI<\/a><\/li>\n<li>Mali: pol\u00e9mique autour d&#8217;une frappe de la force Barkhane vers Talataye &#8211; <a href=\"https:\/\/www.rfi.fr\/fr\/afrique\/20210326-mali-pol%C3%A9mique-autour-d-une-frappe-de-la-force-barkhane-vers-talataye\" target=\"_blank\" rel=\"noopener\" data-saferedirecturl=\"https:\/\/www.google.com\/url?q=https:\/\/clingendael.us15.list-manage.com\/track\/click?u%3D4ddfe55a5f5c0b4eb1423529f%26id%3D59d8265db7%26e%3Df0d1594d47&amp;source=gmail&amp;ust=1617350350872000&amp;usg=AFQjCNGxXhZHshBJWdPyg9W1iJRSGX5gOw\">RFI<\/a><\/li>\n<li>Mali : Deux morts et des bless\u00e9s dans des attaques terroristes \u00e0 Mandiakuy et Mopti (Centre)\u00a0 &#8211; <a href=\"https:\/\/www.maliweb.net\/insecurite\/mali-deux-morts-et-des-blesses-dans-des-attaques-terroristes-a-mandiakuy-et-mopti-centre-2922553.html\" target=\"_blank\" rel=\"noopener\" data-saferedirecturl=\"https:\/\/www.google.com\/url?q=https:\/\/clingendael.us15.list-manage.com\/track\/click?u%3D4ddfe55a5f5c0b4eb1423529f%26id%3Dd906aff575%26e%3Df0d1594d47&amp;source=gmail&amp;ust=1617350350872000&amp;usg=AFQjCNFd0YltJUSVDBy0b3tMKWoVh0pfTQ\">Maliweb<\/a><\/li>\n<li>\u00c0 Bamako, une manifestation contre les troupes \u00e9trang\u00e8res au Mali &#8211; <a href=\"https:\/\/www.rfi.fr\/fr\/afrique\/20210327-%C3%A0-bamako-une-manifestation-contre-les-troupes-%C3%A9trang%C3%A8res-au-mali\" target=\"_blank\" rel=\"noopener\" data-saferedirecturl=\"https:\/\/www.google.com\/url?q=https:\/\/clingendael.us15.list-manage.com\/track\/click?u%3D4ddfe55a5f5c0b4eb1423529f%26id%3D41c11542b1%26e%3Df0d1594d47&amp;source=gmail&amp;ust=1617350350872000&amp;usg=AFQjCNGdotE7i4x15e6IdV0KKhJOWMS3kQ\">RFI<\/a><\/li>\n<li>Conflict Networks in North and West Africa &#8211; <a href=\"https:\/\/www.oecd-ilibrary.org\/development\/conflict-networks-in-north-and-west-africa_896e3eca-en\" target=\"_blank\" rel=\"noopener\" data-saferedirecturl=\"https:\/\/www.google.com\/url?q=https:\/\/clingendael.us15.list-manage.com\/track\/click?u%3D4ddfe55a5f5c0b4eb1423529f%26id%3D4703fa0a95%26e%3Df0d1594d47&amp;source=gmail&amp;ust=1617350350871000&amp;usg=AFQjCNF2DqY13vdkSIhh_YEQ-J9ApwIg_g\">OECD<\/a><\/li>\n<li>MINUSMA to modernise M\u00e9naka military base in three-borders region &#8211; <a href=\"https:\/\/www.africaintelligence.com\/central-and-west-africa_politics\/2021\/03\/25\/minusma-to-modernise-menaka-military-base-in-three-borders-region,109653000-ar1\" target=\"_blank\" rel=\"noopener\" data-saferedirecturl=\"https:\/\/www.google.com\/url?q=https:\/\/clingendael.us15.list-manage.com\/track\/click?u%3D4ddfe55a5f5c0b4eb1423529f%26id%3D16ec6fba7a%26e%3Df0d1594d47&amp;source=gmail&amp;ust=1617350350872000&amp;usg=AFQjCNF7Cb3IaHoyf61CTO6fwWBBz2LVew\">Africa Intelligence<\/a><\/li>\n<li>Entre le Mali et la France, rien ne va plus ! &#8211; <a href=\"https:\/\/mondafrique.com\/entre-le-mali-et-la-france-rien-ne-va-plus\/\" target=\"_blank\" rel=\"noopener\" data-saferedirecturl=\"https:\/\/www.google.com\/url?q=https:\/\/clingendael.us15.list-manage.com\/track\/click?u%3D4ddfe55a5f5c0b4eb1423529f%26id%3D5768756a2d%26e%3Df0d1594d47&amp;source=gmail&amp;ust=1617350350872000&amp;usg=AFQjCNECbteSmqI0bVUWnGBeA1ThAIBx5w\">Mondafrique<\/a><\/li>\n<li>Apr\u00e8s les massacres au Sahel, doit-on se r\u00e9soudre \u00e0 n\u00e9gocier avec les terroristes\u2009? &#8211; <a href=\"https:\/\/www.courrierinternational.com\/article\/issue-apres-les-massacres-au-sahel-doit-se-resoudre-negocier-avec-les-terroristes\" target=\"_blank\" rel=\"noopener\" data-saferedirecturl=\"https:\/\/www.google.com\/url?q=https:\/\/clingendael.us15.list-manage.com\/track\/click?u%3D4ddfe55a5f5c0b4eb1423529f%26id%3D158c51cf01%26e%3Df0d1594d47&amp;source=gmail&amp;ust=1617350350871000&amp;usg=AFQjCNFnR6dk5c7be_02liu3ySIv_c_88g\">Courrier International<\/a><\/li>\n<li>Mali: premi\u00e8re sortie \u00e0 S\u00e9gou du g\u00e9n\u00e9ral Sanogo r\u00e9cemment lib\u00e9r\u00e9 &#8211; <a href=\"https:\/\/www.rfi.fr\/fr\/afrique\/20210329-mali-premi%C3%A8re-sortie-%C3%A0-s%C3%A9gou-du-g%C3%A9n%C3%A9ral-sanogo-r%C3%A9cemment-lib%C3%A9r%C3%A9\" target=\"_blank\" rel=\"noopener\" data-saferedirecturl=\"https:\/\/www.google.com\/url?q=https:\/\/clingendael.us15.list-manage.com\/track\/click?u%3D4ddfe55a5f5c0b4eb1423529f%26id%3D4feabaca81%26e%3Df0d1594d47&amp;source=gmail&amp;ust=1617350350872000&amp;usg=AFQjCNGzFBtQS4hBbP8zUpBEjZWAx44ipQ\">RFI<\/a><\/li>\n<li>Mali \u2013 Gouvernance : Les mis\u00e8res de 30 ans de d\u00e9mocratie &#8211;\u00a0<a href=\"https:\/\/www.journaldumali.com\/2021\/03\/26\/mali-gouvernance-miseres-de-30-ans-de-democratie\/\" target=\"_blank\" rel=\"noopener\" data-saferedirecturl=\"https:\/\/www.google.com\/url?q=https:\/\/clingendael.us15.list-manage.com\/track\/click?u%3D4ddfe55a5f5c0b4eb1423529f%26id%3D5e57ae9199%26e%3Df0d1594d47&amp;source=gmail&amp;ust=1617350350872000&amp;usg=AFQjCNFdNDzdkzMV_EdBWDIgU4sYKbzk2g\">Journal du Mali<\/a><\/li>\n<li>Mali needs climate solutions, not more troops &#8211; <a href=\"https:\/\/www.aljazeera.com\/opinions\/2021\/3\/31\/mali-needs-climate-solutions-not-more-troops\" target=\"_blank\" rel=\"noopener\" data-saferedirecturl=\"https:\/\/www.google.com\/url?q=https:\/\/clingendael.us15.list-manage.com\/track\/click?u%3D4ddfe55a5f5c0b4eb1423529f%26id%3D789c5e24d2%26e%3Df0d1594d47&amp;source=gmail&amp;ust=1617350350872000&amp;usg=AFQjCNGSALKwjkoIC4WqAwbH3M0sGKPcKg\">Aljazeera<\/a><\/li>\n<\/ul>\n<h2>Resources<\/h2>\n<p>Proceedings of Colloquium: New Frontiers of Terrorism in Africa (17 March 2021)<\/p>\n<p><a href=\"https:\/\/drive.google.com\/file\/d\/1vyQtFtI5VOV3R1-E7AfvZuiDVeIX8zMt\/view?usp=sharing\" target=\"_blank\" rel=\"noopener\" data-saferedirecturl=\"https:\/\/www.google.com\/url?q=https:\/\/drive.google.com\/file\/d\/1vyQtFtI5VOV3R1-E7AfvZuiDVeIX8zMt\/view?usp%3Dsharing&amp;source=gmail&amp;ust=1617353144434000&amp;usg=AFQjCNED-0dV35ED1f3b8K6I-lb-HRWfkQ\">Download Book \u2013 Link 1<\/a> <a href=\"https:\/\/drive.google.com\/file\/d\/1vyQtFtI5VOV3R1-E7AfvZuiDVeIX8zMt\/view\" target=\"_blank\" rel=\"noopener\" data-saferedirecturl=\"https:\/\/www.google.com\/url?q=https:\/\/drive.google.com\/file\/d\/1vyQtFtI5VOV3R1-E7AfvZuiDVeIX8zMt\/view&amp;source=gmail&amp;ust=1617353144434000&amp;usg=AFQjCNG-LeXwJV4Z50iWO0Qn-oJOHKOTGQ\">Download Book \u2013 Link 2<\/a> <a href=\"http:\/\/shorturl.at\/dxNQT\" target=\"_blank\" rel=\"noopener\" data-saferedirecturl=\"https:\/\/www.google.com\/url?q=http:\/\/shorturl.at\/dxNQT&amp;source=gmail&amp;ust=1617353144434000&amp;usg=AFQjCNGw715t4ZscV6M0u2tak7LDmsiUrA\">Download Book \u2013 Link 3<\/a><\/p>\n<p>To quote please use:<br \/>\nGlen Segell, Sergey Kostelyanets, Hussein Solomon (eds) New Frontiers of \u00a0Terrorism in Africa: Proceedings of Colloquium, 17 March 2021, (Haifa: University of Haifa, 2021) ISBN 9798722092830 (Paperback) ISBN 9781901414479 (EPUB) DOI: 10.5281\/zenodo.4604162<\/p>\n<h2>Events<\/h2>\n<p><img loading=\"lazy\" decoding=\"async\" class=\"alignnone\" src=\"https:\/\/ci4.googleusercontent.com\/proxy\/4l3LdLYBdIduLZG8ayDu7Bm7WLqnW8KarMLKIa35qfZisfsWcjl3ondxigVxkuCVMcPr4_u5xQNNPzBHLZ0wz6OXDrMxeHU8WNIbD8Ya2QAPh5lzz1cwRg8Q=s0-d-e1-ft#https:\/\/i.emlfiles4.com\/cmpimg\/4\/7\/0\/3\/8\/files\/12112934_ukirapevent.png\" width=\"438\" height=\"171\" \/><\/p>\n<p><strong>Webinar: The UK&#8217;s Integrated Review: Implications for Africa-UK Relations<\/strong><\/p>\n<p>TUESDAY 13 APRIL 2021\u00a0|\u00a013.00 \u2013 14.15 London, BST\u00a0VIA ZOOM <a href=\"https:\/\/chathamhouse.zoom.us\/webinar\/register\/WN_MBtW0p4MTrCnzItrJKbk_g?utm_source=Chatham%20House&amp;utm_medium=email&amp;utm_campaign=12274855_AFR%20-%20The%20UK%27s%20Integrated%20Review%3A%20Implications%20for%20UK-Africa%20Relations%20%2829.03.21%29&amp;dm_i=1S3M,7B3C7,UIJUNE,TN4CJ,1\">Register here<\/a><\/p>\n","protected":false},"excerpt":{"rendered":"<p>News and Reports Niger, Mali, Burkina : la strat\u00e9gie de Barkhane a-t-elle atteint ses limites ? &#8211; Jeune Afrique Rapport sur l&#8217;incident de Bounty du 3 janvier 2021- Nations Unies G5 Sahel: le bataillon tchadien est arriv\u00e9 \u00e0 la fronti\u00e8re &hellip; <a href=\"https:\/\/francophone.port.ac.uk\/?p=2843\">Continue reading <span class=\"meta-nav\">&rarr;<\/span><\/a><\/p>\n","protected":false},"author":9,"featured_media":0,"comment_status":"open","ping_status":"open","sticky":false,"template":"","format":"standard","meta":{"jetpack_post_was_ever_published":false,"_jetpack_newsletter_access":"","_jetpack_dont_email_post_to_subs":false,"_jetpack_newsletter_tier_id":0,"_jetpack_memberships_contains_paywalled_content":false,"_jetpack_memberships_contains_paid_content":false,"footnotes":""},"categories":[1],"tags":[961,423,550,72,71,416,412,67],"class_list":["post-2843","post","type-post","status-publish","format-standard","hentry","category-uncategorised","tag-burkina","tag-conflict","tag-g5-sahel","tag-mali","tag-minusma","tag-niger","tag-sahel","tag-west-africa"],"jetpack_featured_media_url":"","jetpack_sharing_enabled":true,"_links":{"self":[{"href":"https:\/\/francophone.port.ac.uk\/index.php?rest_route=\/wp\/v2\/posts\/2843","targetHints":{"allow":["GET"]}}],"collection":[{"href":"https:\/\/francophone.port.ac.uk\/index.php?rest_route=\/wp\/v2\/posts"}],"about":[{"href":"https:\/\/francophone.port.ac.uk\/index.php?rest_route=\/wp\/v2\/types\/post"}],"author":[{"embeddable":true,"href":"https:\/\/francophone.port.ac.uk\/index.php?rest_route=\/wp\/v2\/users\/9"}],"replies":[{"embeddable":true,"href":"https:\/\/francophone.port.ac.uk\/index.php?rest_route=%2Fwp%2Fv2%2Fcomments&post=2843"}],"version-history":[{"count":6,"href":"https:\/\/francophone.port.ac.uk\/index.php?rest_route=\/wp\/v2\/posts\/2843\/revisions"}],"predecessor-version":[{"id":2850,"href":"https:\/\/francophone.port.ac.uk\/index.php?rest_route=\/wp\/v2\/posts\/2843\/revisions\/2850"}],"wp:attachment":[{"href":"https:\/\/francophone.port.ac.uk\/index.php?rest_route=%2Fwp%2Fv2%2Fmedia&parent=2843"}],"wp:term":[{"taxonomy":"category","embeddable":true,"href":"https:\/\/francophone.port.ac.uk\/index.php?rest_route=%2Fwp%2Fv2%2Fcategories&post=2843"},{"taxonomy":"post_tag","embeddable":true,"href":"https:\/\/francophone.port.ac.uk\/index.php?rest_route=%2Fwp%2Fv2%2Ftags&post=2843"}],"curies":[{"name":"wp","href":"https:\/\/api.w.org\/{rel}","templated":true}]}}