{"id":2856,"date":"2021-04-26T12:23:42","date_gmt":"2021-04-26T11:23:42","guid":{"rendered":"http:\/\/francophone.port.ac.uk\/?p=2856"},"modified":"2021-04-26T12:23:42","modified_gmt":"2021-04-26T11:23:42","slug":"news-resources-upcoming-events-26-04-2021","status":"publish","type":"post","link":"https:\/\/francophone.port.ac.uk\/?p=2856","title":{"rendered":"News, Resources &#038; Upcoming Events (26\/04\/2021)"},"content":{"rendered":"<h2>News and Reports<\/h2>\n<div class=\"css-1dbjc4n r-xoduu5\">\n<p id=\"link-28f8617\" class=\"css-rsa88z e1h9rw200\" data-test-id=\"headline\">President of Chad is killed on battlefield after winning reelection &#8211; <a href=\"https:\/\/www.nytimes.com\/2021\/04\/20\/world\/africa\/president-chad-killed.html?smid=tw-nytimes&amp;smtyp=cur\">NYTimes.com<\/a> <a href=\"https:\/\/www.wsj.com\/articles\/chads-president-dies-after-battle-with-rebels-military-says-11618921935?utm_source=iterable&amp;utm_medium=email&amp;utm_campaign=2246121_\">wsj.com<\/a> <a href=\"https:\/\/www.dw.com\/en\/chad-leader-idriss-deby-dies-on-battlefield-after-winning-reelection\/a-57266083\">DW.com<\/a><\/p>\n<p class=\"gta-site-banner--title gta-post-site-banner--title\">Will events in Chad force a reset of Sahel strategy? &#8211; <a href=\"https:\/\/www.atlanticcouncil.org\/blogs\/africasource\/will-events-in-chad-force-a-reset-of-sahel-strategy\/\">atlanticcouncil.org<\/a><\/p>\n<p class=\"t-content__title a-page-title\">Mort d&#8217;Idriss D\u00e9by : &#8220;la France perd un alli\u00e9 tr\u00e8s important&#8221; dans le Sahel &#8211; <a href=\"https:\/\/www.france24.com\/fr\/vid%C3%A9o\/20210420-mort-d-idriss-d%C3%A9by-la-france-perd-un-alli%C3%A9-tr%C3%A8s-important-dans-le-sahel\">France24.com<\/a><\/p>\n<p class=\"Text__text___3eVx1j Text__dark-grey___AS2I_p Text__medium___1ocDap Text__heading_2___sUlNJP Heading__base___1dDlXY Heading__heading_2___3f_bIW ArticleHeader__heading___3ibi0Q\">Rebels threaten to march on capital as Chad reels from president\u2019s battlefield death &#8211;\u00a0 <a href=\"https:\/\/www.reuters.com\/world\/africa\/rebels-threaten-march-capital-chad-reels-presidents-battlefield-death-2021-04-21\/\">Reuters<\/a><\/p>\n<p class=\"crayon article-titre-26772 contenu_article\">Niger: The African Commission must act for a human rights approach in the African Union\u2019s handling of the political and security situation &#8211;\u00a0 <a href=\"https:\/\/www.fidh.org\/en\/region\/Africa\/niger\/niger-the-african-commission-must-act-for-a-human-rights-approach-in\">fidh.org<\/a><\/p>\n<p class=\"js-no-orphans\">Sahel : l\u2019Alg\u00e9rie et le Niger accordent leurs violons &#8211;\u00a0 <a href=\"https:\/\/www.jeuneafrique.com\/1153848\/politique\/algerie-niger-pourquoi-lelection-de-mohamed-bazoum-relance-les-relations-entre-les-deux-voisins\/\">Jeuneafrique.com<\/a><\/p>\n<\/div>\n<div>\n<p class=\"Title H1\">G\u00e9rard Araud \u2013 La France devrait s\u2019inspirer de l\u2019Am\u00e9rique et quitter le Sahel &#8211; <a href=\"https:\/\/www.lepoint.fr\/monde\/gerard-araud-la-france-devrait-s-inspirer-de-l-amerique-et-quitter-le-sahel-18-04-2021-2422662_24.php\">lepoint.fr<\/a><\/p>\n<p class=\"js-no-orphans\">Burkina Faso : \u00ab Juger Blaise Compaor\u00e9 n\u2019ajoutera pas \u00e0 l\u2019instabilit\u00e9 \u00bb &#8211; <a href=\"https:\/\/www.jeuneafrique.com\/1155831\/politique\/burkina-faso-juger-blaise-compaore-najoutera-pas-a-linstabilite\/\">jeuneafrique.com<\/a><\/p>\n<p id=\"89\" class=\"news-header__title text-2xl font-medium leading-tight md:text-4xl lg:text-5xl xl:text-6xl \">Mali: Killings, \u2018Disappearances\u2019 in Military Operations &#8211; <a href=\"https:\/\/www.hrw.org\/news\/2021\/04\/20\/mali-killings-disappearances-military-operations\">Human Rights Watch<\/a><\/p>\n<p>Mali sets February date for presidential, parliamentary elections &#8211; <a href=\"https:\/\/www.aljazeera.com\/news\/2021\/4\/15\/mali-general-election-to-held-in-february-minister\">aljazeera.com<\/a><\/p>\n<\/div>\n<h2>Resources<\/h2>\n<div>In 2017 the Government of Rwanda retained\u00a0the Washington DC law firm of\u00a0<a href=\"http:\/\/www.levyfirestone.com\/\" target=\"_blank\" rel=\"noopener\" data-saferedirecturl=\"https:\/\/www.google.com\/url?q=http:\/\/www.levyfirestone.com\/&amp;source=gmail&amp;ust=1619516643823000&amp;usg=AFQjCNGTbC1LSSZRsd4stKwGju0doaV2Fg\">Levy Firestone Muse LLP<\/a> to investigate the role of the French government in connection with the 1994 genocide against the Tutsi in Rwanda <span class=\"css-901oao css-16my406 r-poiln3 r-bcqeeo r-qvutc0\">that left more than 800,000 dead<\/span>. The Muse Investigation report was submitted to the Government of Rwanda on 19 April 2021. It concludes that\u00a0the French government bears &#8220;significant responsibility for enabling a foreseeable genocide&#8221;.<\/div>\n<ul>\n<li>Read the full report\u00a0<a href=\"https:\/\/www.gov.rw\/musereport\" target=\"_blank\" rel=\"noopener\" data-saferedirecturl=\"https:\/\/www.google.com\/url?q=https:\/\/www.gov.rw\/musereport&amp;source=gmail&amp;ust=1619516643823000&amp;usg=AFQjCNF8rMiv3n2bnU7MBzIaTT3pVhzlBw\">here<\/a>.<\/li>\n<li>Watch Waqar Rizvi (<a class=\"css-4rbku5 css-18t94o4 css-901oao css-16my406 r-1n1174f r-1loqt21 r-poiln3 r-bcqeeo r-qvutc0\" dir=\"ltr\" role=\"link\" href=\"https:\/\/twitter.com\/waqarhrizvi\">@waqarhrizvi<\/a>) conferring with a panel of experts on this report, including Prof Tony Chafer about the report<span class=\"css-901oao css-16my406 r-poiln3 r-bcqeeo r-qvutc0\">: <\/span><a class=\"css-4rbku5 css-18t94o4 css-901oao css-16my406 r-1n1174f r-1loqt21 r-poiln3 r-bcqeeo r-qvutc0\" dir=\"ltr\" role=\"link\" href=\"https:\/\/t.co\/BoVx3rBCus?amp=1\" target=\"_blank\" rel=\"noopener noreferrer\"><span class=\"css-901oao css-16my406 r-poiln3 r-hiw28u r-qvk6io r-bcqeeo r-qvutc0\" aria-hidden=\"true\">https:\/\/<\/span>youtu.be\/LUEL_4YmgF4<\/a><\/li>\n<\/ul>\n<h2>Upcoming Events<\/h2>\n<div>\n<p class=\"article-header__heading page-heading evcal_event_title\">\n<p class=\"article-header__heading page-heading evcal_event_title\"><strong>Security in Post-Military Nigeria | Tuesday 4 May 2021 | 1:30pm to 3:00pm<\/strong><\/p>\n<div class=\"article-header\">\n<div class=\"article-header__meta\">\n<div class=\"article-header__meta--group\">\n<dl class=\"metadata-list inherit--colour\">\n<dt class=\"metadata-list--full metadata-list--no-icon\">A round table discussion about current and future security threats facing Nigeria as a post-military nation, organised by <a href=\"https:\/\/events.st-andrews.ac.uk\/event-organizer\/handa-centre-study-terrorism\/\">The Handa Centre for the Study of Terrorism and Political Violence<\/a><\/dt>\n<dt>More info <a href=\"https:\/\/events.st-andrews.ac.uk\/events\/security-in-post-military-nigeria\/\">here<\/a><\/dt>\n<\/dl>\n<\/div>\n<\/div>\n<\/div>\n<p class=\"article-header__heading page-heading evcal_event_title\">Email tsadmin@st-andrews.ac.uk to book a space.<\/p>\n<\/div>\n<p>&nbsp;<\/p>\n","protected":false},"excerpt":{"rendered":"<p>News and Reports President of Chad is killed on battlefield after winning reelection &#8211; NYTimes.com wsj.com DW.com Will events in Chad force a reset of Sahel strategy? &#8211; atlanticcouncil.org Mort d&#8217;Idriss D\u00e9by : &#8220;la France perd un alli\u00e9 tr\u00e8s important&#8221; &hellip; <a href=\"https:\/\/francophone.port.ac.uk\/?p=2856\">Continue reading <span class=\"meta-nav\">&rarr;<\/span><\/a><\/p>\n","protected":false},"author":9,"featured_media":0,"comment_status":"open","ping_status":"open","sticky":false,"template":"","format":"standard","meta":{"jetpack_post_was_ever_published":false,"_jetpack_newsletter_access":"","_jetpack_dont_email_post_to_subs":false,"_jetpack_newsletter_tier_id":0,"_jetpack_memberships_contains_paywalled_content":false,"_jetpack_memberships_contains_paid_content":false,"footnotes":""},"categories":[1],"tags":[187,414,380,252,194,72,546,530,412],"class_list":["post-2856","post","type-post","status-publish","format-standard","hentry","category-uncategorised","tag-african-union","tag-burkina-faso","tag-chad","tag-france","tag-human-rights","tag-mali","tag-nigeria","tag-rwanda","tag-sahel"],"jetpack_featured_media_url":"","jetpack_sharing_enabled":true,"_links":{"self":[{"href":"https:\/\/francophone.port.ac.uk\/index.php?rest_route=\/wp\/v2\/posts\/2856","targetHints":{"allow":["GET"]}}],"collection":[{"href":"https:\/\/francophone.port.ac.uk\/index.php?rest_route=\/wp\/v2\/posts"}],"about":[{"href":"https:\/\/francophone.port.ac.uk\/index.php?rest_route=\/wp\/v2\/types\/post"}],"author":[{"embeddable":true,"href":"https:\/\/francophone.port.ac.uk\/index.php?rest_route=\/wp\/v2\/users\/9"}],"replies":[{"embeddable":true,"href":"https:\/\/francophone.port.ac.uk\/index.php?rest_route=%2Fwp%2Fv2%2Fcomments&post=2856"}],"version-history":[{"count":3,"href":"https:\/\/francophone.port.ac.uk\/index.php?rest_route=\/wp\/v2\/posts\/2856\/revisions"}],"predecessor-version":[{"id":2859,"href":"https:\/\/francophone.port.ac.uk\/index.php?rest_route=\/wp\/v2\/posts\/2856\/revisions\/2859"}],"wp:attachment":[{"href":"https:\/\/francophone.port.ac.uk\/index.php?rest_route=%2Fwp%2Fv2%2Fmedia&parent=2856"}],"wp:term":[{"taxonomy":"category","embeddable":true,"href":"https:\/\/francophone.port.ac.uk\/index.php?rest_route=%2Fwp%2Fv2%2Fcategories&post=2856"},{"taxonomy":"post_tag","embeddable":true,"href":"https:\/\/francophone.port.ac.uk\/index.php?rest_route=%2Fwp%2Fv2%2Ftags&post=2856"}],"curies":[{"name":"wp","href":"https:\/\/api.w.org\/{rel}","templated":true}]}}