{"id":2887,"date":"2021-07-01T12:47:21","date_gmt":"2021-07-01T11:47:21","guid":{"rendered":"http:\/\/francophone.port.ac.uk\/?p=2887"},"modified":"2021-07-01T12:47:21","modified_gmt":"2021-07-01T11:47:21","slug":"news-resources-1-07-02021","status":"publish","type":"post","link":"https:\/\/francophone.port.ac.uk\/?p=2887","title":{"rendered":"News &#038; Resources (1\/07\/02021)"},"content":{"rendered":"<h2>News<\/h2>\n<ul>\n<li class=\"t-content__title a-page-title\">Macron announces the end of France&#8217;s anti-Islamist Operation Barkhane in the Sahel &#8211; <a href=\"https:\/\/www.france24.com\/en\/africa\/20210610-live-macron-to-announce-a-restructuring-of-french-forces-in-mali\">France24<\/a><\/li>\n<li>Macron: Barkhane mission ending, French presence to stay in Sahel &#8211; <a href=\"https:\/\/www.aljazeera.com\/news\/2021\/6\/10\/sahel-macron-announces-end-operation-barkhane-it-exists\">Al Jazeera<\/a><\/li>\n<li class=\"pg-headline\">Macron announces end of France&#8217;s anti-terror Operation Barkhane in Africa&#8217;s Sahel region &#8211; <a href=\"https:\/\/edition.cnn.com\/2021\/06\/10\/europe\/france-sahel-operation-barkhane-end-intl\/index.html\">CNN<\/a><\/li>\n<li>Les \u00c9tats-Unis adressent un message de soutien fort \u00e0 la France au Sahel &#8211; <a href=\"https:\/\/www.rfi.fr\/fr\/afrique\/20210626-les-%C3%A9tats-unis-adressent-un-message-de-soutien-fort-%C3%A0-la-france-au-sahel\">RFI<\/a><\/li>\n<li>Au Sahel, il faut replacer la protection des civils au c\u0153ur de la r\u00e9ponse \u00e0 la crise &#8211; <a href=\"https:\/\/blogs.mediapart.fr\/coalition-citoyenne-pour-le-sahel\/blog\/240621\/au-sahel-il-faut-replacer-la-protection-des-civils-au-coeur-de-la-reponse-la\">Mediapart<\/a><\/li>\n<li>Instability in the Sahel: how a jihadi gold rush is fuelling violence in Africa &#8211; <a href=\"https:\/\/www.ft.com\/content\/8ff4c2ca-7ac3-4f3b-96ba-6fb74bbb60d5\">Financial Times<\/a><\/li>\n<li>Terrorism Spreading \u2018Unabated\u2019 Across Africa, Warns US Commander &#8211; <a href=\"https:\/\/www.voanews.com\/africa\/terrorism-spreading-unabated-across-africa-warns-us-commander\">VOANews<\/a><\/li>\n<li class=\"t-content__shares\">\n<div class=\"m-share-bar\">Le Niger, nouveau pivot de la France au Sahel &#8211; <a href=\"https:\/\/www.letemps.ch\/monde\/niger-nouveau-pivot-france-sahel\">Le Temps<\/a><\/div>\n<\/li>\n<\/ul>\n<h2>Resources<\/h2>\n<ul>\n<li>The PSC and Chad \u2013 policy implications of a historic decision &#8211; <a href=\"https:\/\/issafrica.org\/pscreport\/psc-insights\/the-psc-and-chad-policy-implications-of-a-historic-decision\">ISS<\/a><\/li>\n<li>Terrorism in C\u00f4te d\u2019Ivoire is no longer just an external threat &#8211; <a href=\"https:\/\/issafrica.org\/iss-today\/terrorism-in-cote-divoire-is-no-longer-just-an-external-threat\">ISS<\/a><\/li>\n<\/ul>\n","protected":false},"excerpt":{"rendered":"<p>News Macron announces the end of France&#8217;s anti-Islamist Operation Barkhane in the Sahel &#8211; France24 Macron: Barkhane mission ending, French presence to stay in Sahel &#8211; Al Jazeera Macron announces end of France&#8217;s anti-terror Operation Barkhane in Africa&#8217;s Sahel region &hellip; <a href=\"https:\/\/francophone.port.ac.uk\/?p=2887\">Continue reading <span class=\"meta-nav\">&rarr;<\/span><\/a><\/p>\n","protected":false},"author":9,"featured_media":0,"comment_status":"open","ping_status":"open","sticky":false,"template":"","format":"standard","meta":{"jetpack_post_was_ever_published":false,"_jetpack_newsletter_access":"","_jetpack_dont_email_post_to_subs":false,"_jetpack_newsletter_tier_id":0,"_jetpack_memberships_contains_paywalled_content":false,"_jetpack_memberships_contains_paid_content":false,"footnotes":""},"categories":[2,5],"tags":[58,569,380,252,99,966,72,618,412,406,903],"class_list":["post-2887","post","type-post","status-publish","format-standard","hentry","category-news","category-resources","tag-africa","tag-barkhane","tag-chad","tag-france","tag-ivory-coast","tag-jihad","tag-mali","tag-psc","tag-sahel","tag-terrorism","tag-usa"],"jetpack_featured_media_url":"","jetpack_sharing_enabled":true,"_links":{"self":[{"href":"https:\/\/francophone.port.ac.uk\/index.php?rest_route=\/wp\/v2\/posts\/2887","targetHints":{"allow":["GET"]}}],"collection":[{"href":"https:\/\/francophone.port.ac.uk\/index.php?rest_route=\/wp\/v2\/posts"}],"about":[{"href":"https:\/\/francophone.port.ac.uk\/index.php?rest_route=\/wp\/v2\/types\/post"}],"author":[{"embeddable":true,"href":"https:\/\/francophone.port.ac.uk\/index.php?rest_route=\/wp\/v2\/users\/9"}],"replies":[{"embeddable":true,"href":"https:\/\/francophone.port.ac.uk\/index.php?rest_route=%2Fwp%2Fv2%2Fcomments&post=2887"}],"version-history":[{"count":3,"href":"https:\/\/francophone.port.ac.uk\/index.php?rest_route=\/wp\/v2\/posts\/2887\/revisions"}],"predecessor-version":[{"id":2890,"href":"https:\/\/francophone.port.ac.uk\/index.php?rest_route=\/wp\/v2\/posts\/2887\/revisions\/2890"}],"wp:attachment":[{"href":"https:\/\/francophone.port.ac.uk\/index.php?rest_route=%2Fwp%2Fv2%2Fmedia&parent=2887"}],"wp:term":[{"taxonomy":"category","embeddable":true,"href":"https:\/\/francophone.port.ac.uk\/index.php?rest_route=%2Fwp%2Fv2%2Fcategories&post=2887"},{"taxonomy":"post_tag","embeddable":true,"href":"https:\/\/francophone.port.ac.uk\/index.php?rest_route=%2Fwp%2Fv2%2Ftags&post=2887"}],"curies":[{"name":"wp","href":"https:\/\/api.w.org\/{rel}","templated":true}]}}