{"id":2956,"date":"2021-10-11T12:14:50","date_gmt":"2021-10-11T11:14:50","guid":{"rendered":"http:\/\/francophone.port.ac.uk\/?p=2956"},"modified":"2021-10-11T12:14:50","modified_gmt":"2021-10-11T11:14:50","slug":"west-africa-update-3","status":"publish","type":"post","link":"https:\/\/francophone.port.ac.uk\/?p=2956","title":{"rendered":"West Africa Update"},"content":{"rendered":"<h2 data-speech-header-title=\"Africa-France summit: Reinventing the relationship between the continent and Paris\">France in Sahel<\/h2>\n<p class=\"t-content__title a-page-title\" data-speech-header-title=\"Africa-France summit: Reinventing the relationship between the continent and Paris\">Africa-France summit: Reinventing the relationship between the continent and Paris &#8211; Read more on <a href=\"https:\/\/www.france24.com\/en\/tv-shows\/perspective\/20211008-africa-france-summit-reinventing-the-relationship-between-the-continent-and-paris\">France24.com<\/a><\/p>\n<p>\u00ab Aucun partenariat conventionnel n\u2019est de trop pour que le Mali recouvre la paix \u00bb (Dr. Bakary Sambe, Directeur R\u00e9gional de Timbuktu Institute) &#8211; Read more on <a href=\"https:\/\/timbuktu-institute.org\/index.php\/toutes-l-actualites\/item\/511-aucun-partenariat-conventionnel-n-est-de-trop-pour-que-le-mali-recouvre-la-paix-dr-bakary-sambe\">timbuktu-institute.org<\/a><\/p>\n<p class=\"text-center\">Ce sable sur lequel on b\u00e2tit. La politique fran\u00e7aise au Sahel &#8211; Read more on <a href=\"https:\/\/esprit.presse.fr\/article\/jean-baptiste-jeangene-vilmer-et-denis-tull-et-thierry-vircoulon\/ce-sable-sur-lequel-on-batit-la-politique-francaise-au-sahel-43587\">esprit.presse.fr<\/a><\/p>\n<p class=\"t-content__title a-page-title\" data-speech-header-title=\"Laurent Duarte (Tournons la Page): \u00abLa politique de la France au Sahel est dans une impasse\u00bb\">Laurent Duarte (Tournons la Page): \u00abLa politique de la France au Sahel est dans une impasse\u00bb &#8211; <a href=\"https:\/\/www.rfi.fr\/fr\/podcasts\/invit%C3%A9-afrique\/20211004-laurent-duarte-tournons-la-page-la-politique-de-la-france-au-sahel-est-dans-une-impasse\">Read more on RFI.fr<\/a><\/p>\n<p class=\"headline__title\">Mali-France : Emmanuel Macron qualifie de \u00ab honte \u00bb les propos de Choguel Kokalla Ma\u00efga &#8211; Read more on <a href=\"https:\/\/www.jeuneafrique.com\/1243053\/politique\/mali-france-emmanuel-macron-qualifie-de-honte-les-propos-de-choguel-kokalla-maiga\/\">jeuneafrique.com<\/a><\/p>\n<p class=\"Text__text___3eVx1j Text__dark-grey___AS2I_p Text__medium___1ocDap Text__heading_2___sUlNJP Heading__base___1dDlXY Heading__heading_2___3f_bIW\">Mali summons French ambassador over Macron comments &#8211; Read more on <a href=\"https:\/\/www.reuters.com\/world\/africa\/mali-summons-french-ambassador-over-macron-comments-2021-10-05\/\">reuters.com<\/a><\/p>\n<h2 data-speech-header-title=\"Laurent Duarte (Tournons la Page): \u00abLa politique de la France au Sahel est dans une impasse\u00bb\">Niger<\/h2>\n<p class=\"t-content__title a-page-title\" data-speech-header-title=\"Niger : l'ONU craint une \u00ab\u00a0crise alimentaire d'envergure\u00a0\u00bb dans la r\u00e9gion de Tillab\u00e9ri\">Niger : l&#8217;ONU craint une \u00ab crise alimentaire d&#8217;envergure \u00bb dans la r\u00e9gion de Tillab\u00e9ri &#8211; Read more on <a href=\"https:\/\/www.rfi.fr\/fr\/afrique\/20211003-niger-l-onu-craint-une-crise-alimentaire-d-envergure-dans-la-r%C3%A9gion-de-tillab%C3%A9ri\">RFI.fr<\/a><\/p>\n<p class=\"FontArticleMainTitle\">Niger-Mali : une importante d\u00e9l\u00e9gation des leaders du CSP malien chez le Pr\u00e9sident Bazoum &#8211; Read more on <a href=\"http:\/\/news.aniamey.com\/h\/106703.html\">news.aNiamey.com<\/a><\/p>\n<h2>Burkina Faso<\/h2>\n<p class=\"Component-heading-0-2-35\">Burkina Faso suspends Norwegian Refugee Council\u2019s operations &#8211; Read more on <a href=\"https:\/\/apnews.com\/article\/africa-west-africa-burkina-faso-ouagadougou-7fa48ec67ed880a3f621781c0f33c467\">APnews.com<\/a><\/p>\n<p class=\"post-title entry-title\">Suspected Jihadists Kill 14 Soldiers in Burkina Faso &#8211; Read more on <a href=\"https:\/\/www.thedefensepost.com\/2021\/10\/05\/jihadists-kill-14-burkina\/\">thedefensepost.com<\/a><\/p>\n<h2>Senegal<\/h2>\n<p class=\"itemTitle\">[Tribune] Quand le terrorisme \u00e0 l\u2019est met fin au d\u00e9ni s\u00e9n\u00e9galais &#8211; Read more on <a href=\"https:\/\/timbuktu-institute.org\/index.php\/toutes-l-actualites\/item\/512-tribune-quand-le-terrorisme-a-l-est-met-fin-au-deni-senegalais\">timbuktu-institute.org<\/a><\/p>\n<p>&nbsp;<\/p>\n","protected":false},"excerpt":{"rendered":"<p>France in Sahel Africa-France summit: Reinventing the relationship between the continent and Paris &#8211; Read more on France24.com \u00ab Aucun partenariat conventionnel n\u2019est de trop pour que le Mali recouvre la paix \u00bb (Dr. Bakary Sambe, Directeur R\u00e9gional de Timbuktu &hellip; <a href=\"https:\/\/francophone.port.ac.uk\/?p=2956\">Continue reading <span class=\"meta-nav\">&rarr;<\/span><\/a><\/p>\n","protected":false},"author":9,"featured_media":0,"comment_status":"open","ping_status":"open","sticky":false,"template":"","format":"standard","meta":{"jetpack_post_was_ever_published":false,"_jetpack_newsletter_access":"","_jetpack_dont_email_post_to_subs":false,"_jetpack_newsletter_tier_id":0,"_jetpack_memberships_contains_paywalled_content":false,"_jetpack_memberships_contains_paid_content":false,"footnotes":""},"categories":[1],"tags":[414,252,72,416,412,86],"class_list":["post-2956","post","type-post","status-publish","format-standard","hentry","category-uncategorised","tag-burkina-faso","tag-france","tag-mali","tag-niger","tag-sahel","tag-senegal"],"jetpack_featured_media_url":"","jetpack_sharing_enabled":true,"_links":{"self":[{"href":"https:\/\/francophone.port.ac.uk\/index.php?rest_route=\/wp\/v2\/posts\/2956","targetHints":{"allow":["GET"]}}],"collection":[{"href":"https:\/\/francophone.port.ac.uk\/index.php?rest_route=\/wp\/v2\/posts"}],"about":[{"href":"https:\/\/francophone.port.ac.uk\/index.php?rest_route=\/wp\/v2\/types\/post"}],"author":[{"embeddable":true,"href":"https:\/\/francophone.port.ac.uk\/index.php?rest_route=\/wp\/v2\/users\/9"}],"replies":[{"embeddable":true,"href":"https:\/\/francophone.port.ac.uk\/index.php?rest_route=%2Fwp%2Fv2%2Fcomments&post=2956"}],"version-history":[{"count":3,"href":"https:\/\/francophone.port.ac.uk\/index.php?rest_route=\/wp\/v2\/posts\/2956\/revisions"}],"predecessor-version":[{"id":2959,"href":"https:\/\/francophone.port.ac.uk\/index.php?rest_route=\/wp\/v2\/posts\/2956\/revisions\/2959"}],"wp:attachment":[{"href":"https:\/\/francophone.port.ac.uk\/index.php?rest_route=%2Fwp%2Fv2%2Fmedia&parent=2956"}],"wp:term":[{"taxonomy":"category","embeddable":true,"href":"https:\/\/francophone.port.ac.uk\/index.php?rest_route=%2Fwp%2Fv2%2Fcategories&post=2956"},{"taxonomy":"post_tag","embeddable":true,"href":"https:\/\/francophone.port.ac.uk\/index.php?rest_route=%2Fwp%2Fv2%2Ftags&post=2956"}],"curies":[{"name":"wp","href":"https:\/\/api.w.org\/{rel}","templated":true}]}}