{"id":2967,"date":"2021-10-25T11:14:12","date_gmt":"2021-10-25T10:14:12","guid":{"rendered":"http:\/\/francophone.port.ac.uk\/?p=2967"},"modified":"2021-10-25T11:26:26","modified_gmt":"2021-10-25T10:26:26","slug":"francophone-africa-update-2","status":"publish","type":"post","link":"https:\/\/francophone.port.ac.uk\/?p=2967","title":{"rendered":"Francophone Africa Update"},"content":{"rendered":"<h2>Sahel<\/h2>\n<p class=\"single-post-title\"><span class=\"post-title\">Violences au Sahel : La Mauritanie et Le Togo expriment leurs \u201cvives pr\u00e9occupations\u201d &#8211; Read more on <a href=\"https:\/\/atlasinfo.fr\/violences-au-sahel-la-mauritanie-et-le-togo-expriment-leurs-vives-preoccupations.html\">atlasinfo.fr<\/a><\/span><\/p>\n<p class=\"c-page-hero__title [ u-fs36 u-fs50@l u-lh1 u-wbbw ]\" dir=\"ltr\" lang=\"fr\">La mort du chef de l\u2019Etat islamique au Grand Sahara : une occasion de dialogue ? &#8211; Read more on <a href=\"https:\/\/www.crisisgroup.org\/fr\/africa\/sahel\/la-mort-du-chef-de-letat-islamique-au-grand-sahara-une-occasion-de-dialogue\">crisisgroup.org<\/a><\/p>\n<p class=\"entry-title\">Sahel: Barkhane poursuit ses op\u00e9rations conjointes avec les forces partenaires &#8211; Read more on <a href=\"https:\/\/www.wakatsera.com\/sahel-barkhane-poursuit-ses-operations-conjointes-avec-les-forces-partenaires\/\">wakatsera.com<\/a><\/p>\n<h2>Niger<\/h2>\n<p class=\"article__title\">Three policemen killed in Niger jihadist assault &#8211; Read more on <a href=\"https:\/\/www.africanews.com\/2021\/10\/18\/three-policemen-killed-in-niger-jihadist-assault\/\">africanews.com<\/a><\/p>\n<p class=\"entry-title\">Le pr\u00e9sident Bazoum affronte sa premi\u00e8re crise institutionnelle &#8211; Read more on <a href=\"https:\/\/mondafrique.com\/le-president-bazoum-affronte-sa-premiere-crise-institutionnelle\/\">mondafrique.com<\/a><\/p>\n<h2>Burkina Faso<\/h2>\n<p>Burkina Faso &#8211; Niger : une mutualisation des efforts pour plus d&#8217;efficacit\u00e9 dans la lutte contre le terrorisme &#8211; Read more on <a href=\"https:\/\/www.koaci.com\/article\/2021\/10\/18\/afrique\/politique\/burkina-faso-niger-une-mutualisation-des-efforts-pour-plus-defficacite-dans-la-lutte-contre-le-terrorisme_154737.html\">koaci.com<\/a><\/p>\n<p class=\"main_page_title\">Erdo\u011fan meets Liberia&#8217;s Weah, leaders of Togo, Burkina Faso &#8211; Read more on <a href=\"https:\/\/www.dailysabah.com\/politics\/diplomacy\/erdogan-meets-liberias-weah-leaders-of-togo-burkina-faso\">dailysabah.com<\/a><\/p>\n<p class=\"Text__text___3eVx1j Text__dark-grey___AS2I_p Text__medium___1ocDap Text__heading_2___sUlNJP Heading__base___1dDlXY Heading__heading_2___3f_bIW\">Pan-African film festival opens in Burkina Faso amid COVID19 and security challenges &#8211; Read more on <a href=\"https:\/\/www.reuters.com\/world\/africa\/pan-african-film-festival-opens-burkina-faso-amid-covid19-security-challenges-2021-10-17\/\">Reuters.com<\/a><\/p>\n<h2>Mali<\/h2>\n<p class=\"Text__text___3eVx1j Text__dark-grey___AS2I_p Text__medium___1ocDap Text__heading_2___sUlNJP Heading__base___1dDlXY Heading__heading_2___3f_bIW\">Mali asks Muslim leaders to negotiate with al Qaeda affiliate &#8211; Read more on <a href=\"https:\/\/www.reuters.com\/world\/africa\/mali-asks-muslim-leaders-negotiate-with-al-qaeda-affiliate-2021-10-19\/\">Reuters.com<\/a><\/p>\n<p class=\"article__title\">ECOWAS delegation visits Mali, seeks assurance on elections &#8211; Read more on <a href=\"https:\/\/www.africanews.com\/2021\/10\/18\/ecowas-delegation-visits-mali-seeks-assurance-on-elections\/\">africanews.com<\/a><\/p>\n<p class=\"article__title\">Choguel Ma\u00efga : \u00ab Notre gouvernement a compris que s\u2019il ne compte que sur un seul partenaire, il pourra \u00e0 tout moment \u00eatre abandonn\u00e9 \u00bb &#8211; Read more on <a href=\"https:\/\/www.lemonde.fr\/afrique\/article\/2021\/10\/18\/choguel-maiga-notre-gouvernement-a-compris-que-s-il-ne-compte-que-sur-un-seul-partenaire-il-pourra-a-tout-moment-etre-abandonne_6098822_3212.html\">lemonde.fr<\/a><\/p>\n<p class=\"Component-heading-0-2-35\">Mali\u2019s Timbuktu fears jihadis as France reduces troops &#8211; Read more on <a href=\"https:\/\/apnews.com\/article\/entertainment-france-africa-europe-music-a9f01cff64f66f31cde4adaac4e5ad87\">apnews.com<\/a><\/p>\n<p class=\"fig-headline fig-pagination__hidden fig-headline--premium\">Au Mali, le jeu trouble de la junte avec les mercenaires russes de Wagner &#8211; Read more on <a href=\"https:\/\/www.lefigaro.fr\/international\/au-mali-le-jeu-trouble-de-la-junte-avec-les-mercenaires-russes-de-wagner-20211013\">lefigaro.fr<\/a><\/p>\n<p>Mali asks Islamic body to open negotiations with al-Qaeda &#8211; Read more on <a href=\"https:\/\/www.aljazeera.com\/news\/2021\/10\/19\/mali-asks-islamic-body-to-open-negotiations-with-al-qaeda\">aljazeera.com<\/a><\/p>\n<h2>Resources<\/h2>\n<p><a href=\"https:\/\/senegal2019.org\/jai-failli-arreter-le-graffiti-parce-que-la-societe-juge-trop-les-gens-zeinixx-2\/\">WATHI<\/a> &#8211; Entretien avec Dieynaba Sidib\u00e9 (Zeinixx), Artiste-Graffeuse- <a href=\"https:\/\/www.youtube.com\/watch?v=dLBpWAubMy0\">Youtube link<\/a><\/p>\n<p>Operation Barkhane and the Future of Intervention in the Sahel- <a href=\"https:\/\/www.swp-berlin.org\/en\/publication\/operation-barkhane-and-the-future-of-intervention-in-the-sahel\/\">SWP Comment<\/a><\/p>\n<h2>Events<\/h2>\n<p><img loading=\"lazy\" decoding=\"async\" class=\"\" src=\"https:\/\/ci5.googleusercontent.com\/proxy\/6Rp_YaYnI4MNVK_PctYNi2ng_MlpyZ9xhK7wHWwOB8EEX54YRy3on0vJkwdmWXqGAPftBjEdXgKw8s6zIuY5rkLCZtKSnZ5rQwXCVHNMPzMpalGoYNB9J_n7NeyVutGRA3U9VHcRfbMhN2VdHh71XKwFKGQ0LQ=s0-d-e1-ft#https:\/\/mcusercontent.com\/ad26c500743214acbd8ec7e59\/images\/41195bd7-088a-6918-0736-1ce157d4990c.jpg\" width=\"385\" height=\"385\" \/><\/p>\n<p>Register <a href=\"https:\/\/us02web.zoom.us\/webinar\/register\/WN_fZolOBALToiINaIbqkC-UQ\">here<\/a><\/p>\n","protected":false},"excerpt":{"rendered":"<p>Sahel Violences au Sahel : La Mauritanie et Le Togo expriment leurs \u201cvives pr\u00e9occupations\u201d &#8211; Read more on atlasinfo.fr La mort du chef de l\u2019Etat islamique au Grand Sahara : une occasion de dialogue ? &#8211; Read more on crisisgroup.org &hellip; <a href=\"https:\/\/francophone.port.ac.uk\/?p=2967\">Continue reading <span class=\"meta-nav\">&rarr;<\/span><\/a><\/p>\n","protected":false},"author":9,"featured_media":0,"comment_status":"open","ping_status":"open","sticky":false,"template":"","format":"standard","meta":{"jetpack_post_was_ever_published":false,"_jetpack_newsletter_access":"","_jetpack_dont_email_post_to_subs":false,"_jetpack_newsletter_tier_id":0,"_jetpack_memberships_contains_paywalled_content":false,"_jetpack_memberships_contains_paid_content":false,"footnotes":""},"categories":[2,5],"tags":[975,569,414,423,418,252,908,976,72,415,416,412,406,642,489],"class_list":["post-2967","post","type-post","status-publish","format-standard","hentry","category-news","category-resources","tag-aq","tag-barkhane","tag-burkina-faso","tag-conflict","tag-ecowas","tag-france","tag-isgs","tag-liberia","tag-mali","tag-mauritania","tag-niger","tag-sahel","tag-terrorism","tag-togo","tag-turkey"],"jetpack_featured_media_url":"","jetpack_sharing_enabled":true,"_links":{"self":[{"href":"https:\/\/francophone.port.ac.uk\/index.php?rest_route=\/wp\/v2\/posts\/2967","targetHints":{"allow":["GET"]}}],"collection":[{"href":"https:\/\/francophone.port.ac.uk\/index.php?rest_route=\/wp\/v2\/posts"}],"about":[{"href":"https:\/\/francophone.port.ac.uk\/index.php?rest_route=\/wp\/v2\/types\/post"}],"author":[{"embeddable":true,"href":"https:\/\/francophone.port.ac.uk\/index.php?rest_route=\/wp\/v2\/users\/9"}],"replies":[{"embeddable":true,"href":"https:\/\/francophone.port.ac.uk\/index.php?rest_route=%2Fwp%2Fv2%2Fcomments&post=2967"}],"version-history":[{"count":3,"href":"https:\/\/francophone.port.ac.uk\/index.php?rest_route=\/wp\/v2\/posts\/2967\/revisions"}],"predecessor-version":[{"id":2970,"href":"https:\/\/francophone.port.ac.uk\/index.php?rest_route=\/wp\/v2\/posts\/2967\/revisions\/2970"}],"wp:attachment":[{"href":"https:\/\/francophone.port.ac.uk\/index.php?rest_route=%2Fwp%2Fv2%2Fmedia&parent=2967"}],"wp:term":[{"taxonomy":"category","embeddable":true,"href":"https:\/\/francophone.port.ac.uk\/index.php?rest_route=%2Fwp%2Fv2%2Fcategories&post=2967"},{"taxonomy":"post_tag","embeddable":true,"href":"https:\/\/francophone.port.ac.uk\/index.php?rest_route=%2Fwp%2Fv2%2Ftags&post=2967"}],"curies":[{"name":"wp","href":"https:\/\/api.w.org\/{rel}","templated":true}]}}