{"id":2973,"date":"2021-11-01T18:42:46","date_gmt":"2021-11-01T18:42:46","guid":{"rendered":"http:\/\/francophone.port.ac.uk\/?p=2973"},"modified":"2021-11-01T18:42:46","modified_gmt":"2021-11-01T18:42:46","slug":"francophone-africa-updates-2","status":"publish","type":"post","link":"https:\/\/francophone.port.ac.uk\/?p=2973","title":{"rendered":"Francophone Africa Updates"},"content":{"rendered":"<h2>Sahel<\/h2>\n<p class=\"fig-headline fig-pagination__hidden\">L&#8217;ONU s&#8217;occupe \u00abtr\u00e8s activement\u00bb du Sahel en proie aux atrocit\u00e9s djihadistes &#8211; Read more on <a href=\"https:\/\/www.lefigaro.fr\/flash-actu\/l-onu-s-occupe-tres-activement-du-sahel-en-proie-aux-atrocites-djihadistes-20211025\">lefigaro.fr<\/a><\/p>\n<p>The EU and France in the Sahel: What does the end of Operation Barkhane in its current form mean for the Sahel? &#8211; <a href=\"https:\/\/ecfr.eu\/profile\/sylvie-kauffmann\/\">Sylvie Kauffmann<\/a> <a href=\"https:\/\/ecfr.eu\/profile\/andrew_lebovich\/\">Andrew Lebovich<\/a> <a href=\"https:\/\/ecfr.eu\/profile\/mark_leonard\/\">Mark Leonard<\/a>. Read more on <a href=\"https:\/\/ecfr.eu\/podcasts\/episode\/the-eu-and-france-in-the-sahel\/\">ecfr.eu<\/a><\/p>\n<p>Sahel : \u00ab Le Maroc pourrait \u00eatre une force de m\u00e9diation \u00bb &#8211;\u00a0<a class=\"headline__author-name\" title=\"Articles par Nina Kozlowski\" href=\"https:\/\/www.jeuneafrique.com\/auteurs\/n.kozlowski\/\" target=\"_self\" rel=\"author noopener\">Nina Kozlowski<\/a>. Read more on <a href=\"https:\/\/www.jeuneafrique.com\/1254534\/politique\/sahel-le-maroc-pourrait-etre-une-force-de-mediation\/\">jeuneafrique.com<\/a><\/p>\n<p>Sahel :\u00a0<span class=\"nobr\">au-del<\/span>\u00e0 des conflits, un d\u00e9veloppement \u00e9conomique et social bien r\u00e9el &#8211; <a href=\"https:\/\/theconversation.com\/profiles\/yasmine-osman-1280697\" rel=\"author\"><span class=\"fn author-name\">Yasmine Osman<\/span><\/a>. Read more on the <a href=\"https:\/\/theconversation.com\/sahel-au-dela-des-conflits-un-developpement-economique-et-social-bien-reel-169894\">conversation.com<\/a><\/p>\n<p>Lessons for the EU in Sahel, from Afghanistan &#8211; <a href=\"https:\/\/euobserver.com\/search?query=%22Cat+Evans%22\" rel=\"author\">Cat Evans<\/a>. Read more on <a href=\"https:\/\/euobserver.com\/opinion\/153275\">euobserver.com<\/a><\/p>\n<h2>Chad<\/h2>\n<p>Chad\u2019s \u2018Political Transition\u2019 Is a Smokescreen for Military Rule &#8211; Daniel Eizenga. Read more on <a href=\"https:\/\/www.worldpoliticsreview.com\/articles\/30028\/chad-s-political-transition-is-a-smokescreen-for-military-rule\">worldpoliticsreview.com<\/a><\/p>\n<h2>Mali<\/h2>\n<p class=\"Text__text___3eVx1j Text__dark-grey___AS2I_p Text__medium___1ocDap Text__heading_2___sUlNJP Heading__base___1dDlXY Heading__heading_2___3f_bIW\">Mali expels West African bloc envoy -foreign ministry &#8211; Read more on <a href=\"https:\/\/www.reuters.com\/world\/africa\/mali-expels-ecowas-representative-country-2021-10-25\/\">reuters.com<\/a><\/p>\n<p class=\"article__title\">UN delegation arrives in Mali to mount pressure on junta &#8211; Read more on <a href=\"https:\/\/www.africanews.com\/2021\/10\/24\/un-delegation-arrives-mali-to-mount-pressure-on-junta\/\">africanews.com<\/a><\/p>\n","protected":false},"excerpt":{"rendered":"<p>Sahel L&#8217;ONU s&#8217;occupe \u00abtr\u00e8s activement\u00bb du Sahel en proie aux atrocit\u00e9s djihadistes &#8211; Read more on lefigaro.fr The EU and France in the Sahel: What does the end of Operation Barkhane in its current form mean for the Sahel? &#8211; &hellip; <a href=\"https:\/\/francophone.port.ac.uk\/?p=2973\">Continue reading <span class=\"meta-nav\">&rarr;<\/span><\/a><\/p>\n","protected":false},"author":9,"featured_media":0,"comment_status":"open","ping_status":"open","sticky":false,"template":"","format":"standard","meta":{"jetpack_post_was_ever_published":false,"_jetpack_newsletter_access":"","_jetpack_dont_email_post_to_subs":false,"_jetpack_newsletter_tier_id":0,"_jetpack_memberships_contains_paywalled_content":false,"_jetpack_memberships_contains_paid_content":false,"footnotes":""},"categories":[3,2,5],"tags":[778,569,380,423,292,495,418,431,252,72,977,959,773,412,552],"class_list":["post-2973","post","type-post","status-publish","format-standard","hentry","category-blogs","category-news","category-resources","tag-afghanistan","tag-barkhane","tag-chad","tag-conflict","tag-development","tag-economy","tag-ecowas","tag-eu","tag-france","tag-mali","tag-maroc","tag-morroco","tag-onu","tag-sahel","tag-un"],"jetpack_featured_media_url":"","jetpack_sharing_enabled":true,"_links":{"self":[{"href":"https:\/\/francophone.port.ac.uk\/index.php?rest_route=\/wp\/v2\/posts\/2973","targetHints":{"allow":["GET"]}}],"collection":[{"href":"https:\/\/francophone.port.ac.uk\/index.php?rest_route=\/wp\/v2\/posts"}],"about":[{"href":"https:\/\/francophone.port.ac.uk\/index.php?rest_route=\/wp\/v2\/types\/post"}],"author":[{"embeddable":true,"href":"https:\/\/francophone.port.ac.uk\/index.php?rest_route=\/wp\/v2\/users\/9"}],"replies":[{"embeddable":true,"href":"https:\/\/francophone.port.ac.uk\/index.php?rest_route=%2Fwp%2Fv2%2Fcomments&post=2973"}],"version-history":[{"count":1,"href":"https:\/\/francophone.port.ac.uk\/index.php?rest_route=\/wp\/v2\/posts\/2973\/revisions"}],"predecessor-version":[{"id":2974,"href":"https:\/\/francophone.port.ac.uk\/index.php?rest_route=\/wp\/v2\/posts\/2973\/revisions\/2974"}],"wp:attachment":[{"href":"https:\/\/francophone.port.ac.uk\/index.php?rest_route=%2Fwp%2Fv2%2Fmedia&parent=2973"}],"wp:term":[{"taxonomy":"category","embeddable":true,"href":"https:\/\/francophone.port.ac.uk\/index.php?rest_route=%2Fwp%2Fv2%2Fcategories&post=2973"},{"taxonomy":"post_tag","embeddable":true,"href":"https:\/\/francophone.port.ac.uk\/index.php?rest_route=%2Fwp%2Fv2%2Ftags&post=2973"}],"curies":[{"name":"wp","href":"https:\/\/api.w.org\/{rel}","templated":true}]}}