{"id":3131,"date":"2022-11-08T17:52:04","date_gmt":"2022-11-08T17:52:04","guid":{"rendered":"https:\/\/francophone.port.ac.uk\/?p=3131"},"modified":"2022-11-08T17:52:04","modified_gmt":"2022-11-08T17:52:04","slug":"update-7-november","status":"publish","type":"post","link":"https:\/\/francophone.port.ac.uk\/?p=3131","title":{"rendered":"Update 7 November"},"content":{"rendered":"<p>Regional economic outlook, Sub-Saharan Africa \u2013 Living on the edge, IMF October 2022, <a href=\"https:\/\/www.wathi.org\/choix_de_wathi\/regional-economic-outlook-sub-saharan-africa-living-on-the-edge-imf-october-2022\/\">WATHI<\/a><\/p>\n<p>Sahel: 10 Years of Instability. Local, Regional and International Dynamics, <a href=\"https:\/\/www.ispionline.it\/en\/pubblicazione\/sahel-10-years-instability-local-regional-and-international-dynamics-36174\">IspiOnline<\/a><\/p>\n<p>C\u00f4te d\u2019Ivoire: Quel est cette myst\u00e9rieuse arm\u00e9e mont\u00e9e et form\u00e9e par un \u2018faux\u2019 g\u00e9n\u00e9ral?, <a href=\"https:\/\/afriksoir.net\/cote-ivoire-mysterieuse-armee-montee-formee-metiers-paix-faux-general\/\">Afrik Soir<\/a><\/p>\n<p>Diplomatie: le g\u00e9n\u00e9ral Thierry Marchand nomm\u00e9 nouvel Ambassadeur de France au Cameroun, <a href=\"https:\/\/actucameroun.com\/2022\/09\/16\/diplomatie-le-general-thierry-marchand-nomme-nouvel-ambassadeur-de-france-au-cameroun-decret\/\">ActuCameroun<\/a><\/p>\n<p>Cameroun &#8211; Diplomatie: L&#8217;\u00c9lys\u00e9e confirme la nomination du G\u00e9n\u00e9ral Thierry Marchand comme nouvel Ambassadeur de France au Cameroun, <a href=\"https:\/\/www.cameroon-info.net\/article\/cameroun-diplomatie-lelysee-confirme-la-nomination-du-general-thierry-marchand-comme-nouvel-ambassadeur-de-412053.html\">Cameroon-Info<\/a><\/p>\n","protected":false},"excerpt":{"rendered":"<p>Regional economic outlook, Sub-Saharan Africa \u2013 Living on the edge, IMF October 2022, WATHI Sahel: 10 Years of Instability. Local, Regional and International Dynamics, IspiOnline C\u00f4te d\u2019Ivoire: Quel est cette myst\u00e9rieuse arm\u00e9e mont\u00e9e et form\u00e9e par un \u2018faux\u2019 g\u00e9n\u00e9ral?, Afrik &hellip; <a href=\"https:\/\/francophone.port.ac.uk\/?p=3131\">Continue reading <span class=\"meta-nav\">&rarr;<\/span><\/a><\/p>\n","protected":false},"author":15,"featured_media":0,"comment_status":"open","ping_status":"open","sticky":false,"template":"","format":"standard","meta":{"jetpack_post_was_ever_published":false,"_jetpack_newsletter_access":"","_jetpack_dont_email_post_to_subs":false,"_jetpack_newsletter_tier_id":0,"_jetpack_memberships_contains_paywalled_content":false,"_jetpack_memberships_contains_paid_content":false,"footnotes":""},"categories":[1],"tags":[],"class_list":["post-3131","post","type-post","status-publish","format-standard","hentry","category-uncategorised"],"jetpack_featured_media_url":"","jetpack_sharing_enabled":true,"_links":{"self":[{"href":"https:\/\/francophone.port.ac.uk\/index.php?rest_route=\/wp\/v2\/posts\/3131","targetHints":{"allow":["GET"]}}],"collection":[{"href":"https:\/\/francophone.port.ac.uk\/index.php?rest_route=\/wp\/v2\/posts"}],"about":[{"href":"https:\/\/francophone.port.ac.uk\/index.php?rest_route=\/wp\/v2\/types\/post"}],"author":[{"embeddable":true,"href":"https:\/\/francophone.port.ac.uk\/index.php?rest_route=\/wp\/v2\/users\/15"}],"replies":[{"embeddable":true,"href":"https:\/\/francophone.port.ac.uk\/index.php?rest_route=%2Fwp%2Fv2%2Fcomments&post=3131"}],"version-history":[{"count":1,"href":"https:\/\/francophone.port.ac.uk\/index.php?rest_route=\/wp\/v2\/posts\/3131\/revisions"}],"predecessor-version":[{"id":3132,"href":"https:\/\/francophone.port.ac.uk\/index.php?rest_route=\/wp\/v2\/posts\/3131\/revisions\/3132"}],"wp:attachment":[{"href":"https:\/\/francophone.port.ac.uk\/index.php?rest_route=%2Fwp%2Fv2%2Fmedia&parent=3131"}],"wp:term":[{"taxonomy":"category","embeddable":true,"href":"https:\/\/francophone.port.ac.uk\/index.php?rest_route=%2Fwp%2Fv2%2Fcategories&post=3131"},{"taxonomy":"post_tag","embeddable":true,"href":"https:\/\/francophone.port.ac.uk\/index.php?rest_route=%2Fwp%2Fv2%2Ftags&post=3131"}],"curies":[{"name":"wp","href":"https:\/\/api.w.org\/{rel}","templated":true}]}}