{"id":3144,"date":"2023-01-09T23:31:00","date_gmt":"2023-01-09T23:31:00","guid":{"rendered":"https:\/\/francophone.port.ac.uk\/?p=3144"},"modified":"2023-01-09T23:31:00","modified_gmt":"2023-01-09T23:31:00","slug":"francophone-africa-update-9-january-2023","status":"publish","type":"post","link":"https:\/\/francophone.port.ac.uk\/?p=3144","title":{"rendered":"Francophone Africa Update 9 January 2023"},"content":{"rendered":"<p>A Happy New Year to all our readers and welcome to our first bumper edition Francophone Africa Update of 2023.<\/p>\n<p>Storms continue to gather over the G5 Sahel, <a href=\"https:\/\/www.africaintelligence.com\/west-africa\/2023\/01\/03\/storms-continue-to-gather-over-the-g5-sahel,109878106-art?did=109635015&amp;aid=1615805&amp;utm_campaign=AUTO_EDIT_VEI&amp;utm_source=AIA&amp;utm_medium=email\">Africa Intelligence<\/a><\/p>\n<p>MALI KURA, MALI FANGA: LA TRAJECTOIRE POLITIQUE DU MALI SOUS DOMINATION MILITAIRE, <a href=\"https:\/\/www.irsem.fr\/media\/5-publications\/nr-132-fr.pdf\">IRSEM<\/a><\/p>\n<p>Mali : l&#8217;avenir du processus d&#8217;Alger en question, <a href=\"https:\/\/www.dw.com\/fr\/mali-cma-relance-accords-dalger\/a-64072954\">DW<\/a><\/p>\n<p>Le Burkina Faso expulse deux pr\u00e9sum\u00e9s espions fran\u00e7ais, <a href=\"https:\/\/www.aa.com.tr\/fr\/afrique\/le-burkina-faso-expulse-deux-pr%C3%A9sum%C3%A9s-espions-francais-\/2770192\">AA<\/a><\/p>\n<p>Massacre au Burkina Faso : 28 morts, des suppl\u00e9tifs de l\u2019arm\u00e9e accuses, <a href=\"https:\/\/www.rtbf.be\/article\/massacre-au-burkina-faso-28-morts-des-suppletifs-de-larmee-accuses-11130930\">RTBF<\/a><\/p>\n<p>Burkina Faso. Un charnier d\u00e9couvert \u00e0 la veille du Nouvel an, <a href=\"https:\/\/www.ouest-france.fr\/monde\/burkina-faso\/burkina-faso-un-charnier-decouvert-a-la-veille-du-nouvel-an-f233018c-8b4f-11ed-8cd4-3e0a8eec1c0a\">Ouest-France<\/a><\/p>\n<p>Au Mali, les 46 soldats ivoiriens condamn\u00e9s \u00e0 vingt ans de prison ; et les 3 soldates, \u00e0 la peine de mort, <a href=\"https:\/\/www.lemonde.fr\/afrique\/article\/2022\/12\/30\/au-mali-les-46-soldats-ivoiriens-condamnes-a-vingt-ans-de-prison-et-les-3-soldates-a-la-peine-de-mort_6156135_3212.html\">Le Monde<\/a><\/p>\n<p>Soldats ivoiriens condamn\u00e9s au Mali: L\u2019ultimatum de la Cedeao n\u2019a pas fait plier Bamako, <a href=\"https:\/\/senego.com\/soldats-ivoiriens-condamnes-au-mali-lultimatum-de-la-cedeao-na-pas-fait-plier-bamako_1502061.html\">Senego<\/a><\/p>\n<p>Freedom for 46 Ivorian soldiers, <a href=\"https:\/\/www.republicoftogo.com\/toutes-les-rubriques\/in-english\/freedom-for-46-ivorian-soldiers\">Republic of Togo<\/a><\/p>\n<p>Burkina : Les autorit\u00e9s demandent le d\u00e9part de l\u2019ambassadeur de France, <a href=\"https:\/\/malijet.com\/actualite_internationale\/275771-burkina-les-autorit%C3%A9s-demandent-le-d%C3%A9part-de-l%E2%80%99ambassadeur-de-fr.html\">Malijet<\/a><\/p>\n<p>Nina Wil\u00e9n: Future of the European Engagement in Sahel, <a href=\"https:\/\/www.securityoutlines.cz\/nina-wilen-future-of-the-european-engagement-in-sahel\/\">Security Outlines<\/a><\/p>\n<p>Ally of Wagner Group boss hurt in \u2018assassination attempt\u2019 in central Africa, <a href=\"https:\/\/www.theguardian.com\/world\/2022\/dec\/16\/dmitry-sytii-ally-of-wagner-boss-injured-in-car-after-assassination-attempt\">The Guardian [UK]<\/a><\/p>\n","protected":false},"excerpt":{"rendered":"<p>A Happy New Year to all our readers and welcome to our first bumper edition Francophone Africa Update of 2023. Storms continue to gather over the G5 Sahel, Africa Intelligence MALI KURA, MALI FANGA: LA TRAJECTOIRE POLITIQUE DU MALI SOUS &hellip; <a href=\"https:\/\/francophone.port.ac.uk\/?p=3144\">Continue reading <span class=\"meta-nav\">&rarr;<\/span><\/a><\/p>\n","protected":false},"author":15,"featured_media":0,"comment_status":"open","ping_status":"open","sticky":false,"template":"","format":"standard","meta":{"jetpack_post_was_ever_published":false,"_jetpack_newsletter_access":"","_jetpack_dont_email_post_to_subs":false,"_jetpack_newsletter_tier_id":0,"_jetpack_memberships_contains_paywalled_content":false,"_jetpack_memberships_contains_paid_content":false,"footnotes":""},"categories":[1],"tags":[],"class_list":["post-3144","post","type-post","status-publish","format-standard","hentry","category-uncategorised"],"jetpack_featured_media_url":"","jetpack_sharing_enabled":true,"_links":{"self":[{"href":"https:\/\/francophone.port.ac.uk\/index.php?rest_route=\/wp\/v2\/posts\/3144","targetHints":{"allow":["GET"]}}],"collection":[{"href":"https:\/\/francophone.port.ac.uk\/index.php?rest_route=\/wp\/v2\/posts"}],"about":[{"href":"https:\/\/francophone.port.ac.uk\/index.php?rest_route=\/wp\/v2\/types\/post"}],"author":[{"embeddable":true,"href":"https:\/\/francophone.port.ac.uk\/index.php?rest_route=\/wp\/v2\/users\/15"}],"replies":[{"embeddable":true,"href":"https:\/\/francophone.port.ac.uk\/index.php?rest_route=%2Fwp%2Fv2%2Fcomments&post=3144"}],"version-history":[{"count":1,"href":"https:\/\/francophone.port.ac.uk\/index.php?rest_route=\/wp\/v2\/posts\/3144\/revisions"}],"predecessor-version":[{"id":3145,"href":"https:\/\/francophone.port.ac.uk\/index.php?rest_route=\/wp\/v2\/posts\/3144\/revisions\/3145"}],"wp:attachment":[{"href":"https:\/\/francophone.port.ac.uk\/index.php?rest_route=%2Fwp%2Fv2%2Fmedia&parent=3144"}],"wp:term":[{"taxonomy":"category","embeddable":true,"href":"https:\/\/francophone.port.ac.uk\/index.php?rest_route=%2Fwp%2Fv2%2Fcategories&post=3144"},{"taxonomy":"post_tag","embeddable":true,"href":"https:\/\/francophone.port.ac.uk\/index.php?rest_route=%2Fwp%2Fv2%2Ftags&post=3144"}],"curies":[{"name":"wp","href":"https:\/\/api.w.org\/{rel}","templated":true}]}}