{"id":3148,"date":"2023-01-25T09:09:30","date_gmt":"2023-01-25T09:09:30","guid":{"rendered":"https:\/\/francophone.port.ac.uk\/?p=3148"},"modified":"2023-01-25T09:09:30","modified_gmt":"2023-01-25T09:09:30","slug":"update-23-january","status":"publish","type":"post","link":"https:\/\/francophone.port.ac.uk\/?p=3148","title":{"rendered":"Update 23 January"},"content":{"rendered":"<p>Mali: \u00abDepuis le d\u00e9part de Barkhane, il y a une comp\u00e9tition entre les forces terroristes\u00bb, <a href=\"https:\/\/www.rfi.fr\/fr\/podcasts\/invit%C3%A9-afrique\/20230117-mali-depuis-le-d%C3%A9part-de-barkhane-il-y-a-une-comp%C3%A9tition-entre-les-forces-terroristes\">RFI<\/a><\/p>\n<p>Guerre d\u2019influence sur les \u00e9crans africains, <a href=\"https:\/\/www.monde-diplomatique.fr\/2022\/12\/ESSOUNGOU\/65336\">Le Monde Diplomatique<\/a><\/p>\n<p>Le Burkina Faso exige le d\u00e9part des troupes fran\u00e7aises d\u00e9ploy\u00e9es dans le pays, <a href=\"https:\/\/www.msn.com\/fr-fr\/actualite\/monde\/le-burkina-faso-exige-le-d%C3%A9part-des-troupes-fran%C3%A7aises-d%C3%A9ploy%C3%A9es-dans-le-pays\/ar-AA16BB0F\">RFI<\/a><\/p>\n<p>The Accra Initiative and the Fight Against Terrorism In West Africa, <a href=\"https:\/\/onpolicy.org\/the-accra-initiative-and-the-fight-against-terrorism-in-west-africa\/#_ftnref8\">On Policy<\/a><\/p>\n<p>Readers of the blog might be interested in recent books on Algeria:<\/p>\n<p>Asseraf, Arthur, <em>Le D\u00e9sinformateur. Sur les traces de Messaoud Djebari, Alg\u00e9rien dans un monde colonial<\/em>, Fayard, Paris, 2022<\/p>\n<p>Ouali, Amer, <em>Du verbe au fusil. La terreur sainte. Alg\u00e9rie 1991-2002, retour sur la d\u00e9cennie noire<\/em>, Erick Bonnier, Paris, 2022<\/p>\n<p>Moussa, Nedjib Sidi, <em>Histoire alg\u00e9rienne de la France<\/em>, PUF, Paris, 2022.<\/p>\n<p>Finally, if you come across any articles or reports that you think may be of interest to readers of the Francophone Africa blog, do send the details to tony.chafer@port.ac.uk<\/p>\n","protected":false},"excerpt":{"rendered":"<p>Mali: \u00abDepuis le d\u00e9part de Barkhane, il y a une comp\u00e9tition entre les forces terroristes\u00bb, RFI Guerre d\u2019influence sur les \u00e9crans africains, Le Monde Diplomatique Le Burkina Faso exige le d\u00e9part des troupes fran\u00e7aises d\u00e9ploy\u00e9es dans le pays, RFI The &hellip; <a href=\"https:\/\/francophone.port.ac.uk\/?p=3148\">Continue reading <span class=\"meta-nav\">&rarr;<\/span><\/a><\/p>\n","protected":false},"author":15,"featured_media":0,"comment_status":"open","ping_status":"open","sticky":false,"template":"","format":"standard","meta":{"jetpack_post_was_ever_published":false,"_jetpack_newsletter_access":"","_jetpack_dont_email_post_to_subs":false,"_jetpack_newsletter_tier_id":0,"_jetpack_memberships_contains_paywalled_content":false,"_jetpack_memberships_contains_paid_content":false,"footnotes":""},"categories":[1],"tags":[],"class_list":["post-3148","post","type-post","status-publish","format-standard","hentry","category-uncategorised"],"jetpack_featured_media_url":"","jetpack_sharing_enabled":true,"_links":{"self":[{"href":"https:\/\/francophone.port.ac.uk\/index.php?rest_route=\/wp\/v2\/posts\/3148","targetHints":{"allow":["GET"]}}],"collection":[{"href":"https:\/\/francophone.port.ac.uk\/index.php?rest_route=\/wp\/v2\/posts"}],"about":[{"href":"https:\/\/francophone.port.ac.uk\/index.php?rest_route=\/wp\/v2\/types\/post"}],"author":[{"embeddable":true,"href":"https:\/\/francophone.port.ac.uk\/index.php?rest_route=\/wp\/v2\/users\/15"}],"replies":[{"embeddable":true,"href":"https:\/\/francophone.port.ac.uk\/index.php?rest_route=%2Fwp%2Fv2%2Fcomments&post=3148"}],"version-history":[{"count":1,"href":"https:\/\/francophone.port.ac.uk\/index.php?rest_route=\/wp\/v2\/posts\/3148\/revisions"}],"predecessor-version":[{"id":3149,"href":"https:\/\/francophone.port.ac.uk\/index.php?rest_route=\/wp\/v2\/posts\/3148\/revisions\/3149"}],"wp:attachment":[{"href":"https:\/\/francophone.port.ac.uk\/index.php?rest_route=%2Fwp%2Fv2%2Fmedia&parent=3148"}],"wp:term":[{"taxonomy":"category","embeddable":true,"href":"https:\/\/francophone.port.ac.uk\/index.php?rest_route=%2Fwp%2Fv2%2Fcategories&post=3148"},{"taxonomy":"post_tag","embeddable":true,"href":"https:\/\/francophone.port.ac.uk\/index.php?rest_route=%2Fwp%2Fv2%2Ftags&post=3148"}],"curies":[{"name":"wp","href":"https:\/\/api.w.org\/{rel}","templated":true}]}}