{"id":3151,"date":"2023-02-06T11:52:25","date_gmt":"2023-02-06T11:52:25","guid":{"rendered":"https:\/\/francophone.port.ac.uk\/?p=3151"},"modified":"2023-02-06T11:52:25","modified_gmt":"2023-02-06T11:52:25","slug":"6-february-update","status":"publish","type":"post","link":"https:\/\/francophone.port.ac.uk\/?p=3151","title":{"rendered":"6 February Update"},"content":{"rendered":"<p>Terrorism &#8211; Coastal countries: Timbuktu Institute advocates a preventive approach to build community resilience, <a href=\"https:\/\/timbuktu-institute.org\/index.php\/toutes-l-actualites\/item\/639-terrorism-coastal-countries-timbuktu-institute-advocates-a-preventive-approach-to-build-community-resilience?utm_medium=email&amp;_hsmi=243174462&amp;_hsenc=p2ANqtz-9MxGtyYg25q-dDbWmWdper_ArU3enS9-pe4lojpdOPJ5q6sAOatf_9-OT7AH9PfIxoAiAJlPuuulThBXPEmvYeObM9Ow&amp;utm_content=243174462&amp;utm_source=hs_email\">Timbuktu Institute<\/a><\/p>\n<p>Transition au Mali : renouer le dialogue, <a href=\"https:\/\/www.wathi.org\/choix_de_wathi\/transition-au-mali-renouer-le-dialogue-observatoire-citoyen-pour-la-gouvernance-et-la-securite-decembre-2022\/\">WATHI\/ Observatoire Citoyen pour la Gouvernance et la S\u00e9curit\u00e9<\/a><\/p>\n<p>La France accepte de retirer ses troupes du Burkina Faso, <a href=\"La%20France%20accepte%20de%20retirer%20ses%20troupes%20du%20Burkina%20Faso\">BBC<\/a><\/p>\n<p>Oil on the Jihadi Fire: The Repercussions of a Wagner Group Deployment to Burkina Faso, <a href=\"https:\/\/ctc.westpoint.edu\/oil-on-the-jihadi-fire-the-repercussions-of-a-wagner-group-deployment-to-burkina-faso\/\">CTC<\/a><\/p>\n<p>Pour les arm\u00e9es fran\u00e7aises en Afrique, pas d\u2019influence sans pr\u00e9sence, <a href=\"https:\/\/www.ifri.org\/fr\/espace-media\/lifri-medias\/armees-francaises-afrique-dinfluence-presence\">IFRI<\/a><\/p>\n<p>Mali : le directeur de la division des droits de l&#8217;homme de la Minusma d\u00e9clar\u00e9 &#8220;persona non grata&#8221;, <a href=\"https:\/\/information.tv5monde.com\/afrique\/mali-le-directeur-de-la-division-des-droits-de-l-homme-de-la-minusma-declare-persona-non\">TV5Monde<\/a><\/p>\n<p>&#8220;Une histoire du franc CFA&#8221; de Katy L\u00e9na Ndiaye, suivi d&#8217;un d\u00e9bat pr\u00e9sent\u00e9 par Rebecca Fitoussi, <a href=\"https:\/\/pro.publicsenat.fr\/actualites\/public-senat-inedit-une-histoire-du-franc-cfa-de-katy-lena-ndiaye-samedi-4-fevrier-a-21h-875b-02e48.html?fbclid=IwAR01qquhNk7aOrljgD4Lr81syDSk5xPnXYYQGAJwStzS8r0pNnPsyXOEkIo\">S\u00e9nat<\/a><\/p>\n","protected":false},"excerpt":{"rendered":"<p>Terrorism &#8211; Coastal countries: Timbuktu Institute advocates a preventive approach to build community resilience, Timbuktu Institute Transition au Mali : renouer le dialogue, WATHI\/ Observatoire Citoyen pour la Gouvernance et la S\u00e9curit\u00e9 La France accepte de retirer ses troupes du &hellip; <a href=\"https:\/\/francophone.port.ac.uk\/?p=3151\">Continue reading <span class=\"meta-nav\">&rarr;<\/span><\/a><\/p>\n","protected":false},"author":15,"featured_media":0,"comment_status":"open","ping_status":"open","sticky":false,"template":"","format":"standard","meta":{"jetpack_post_was_ever_published":false,"_jetpack_newsletter_access":"","_jetpack_dont_email_post_to_subs":false,"_jetpack_newsletter_tier_id":0,"_jetpack_memberships_contains_paywalled_content":false,"_jetpack_memberships_contains_paid_content":false,"footnotes":""},"categories":[1],"tags":[],"class_list":["post-3151","post","type-post","status-publish","format-standard","hentry","category-uncategorised"],"jetpack_featured_media_url":"","jetpack_sharing_enabled":true,"_links":{"self":[{"href":"https:\/\/francophone.port.ac.uk\/index.php?rest_route=\/wp\/v2\/posts\/3151","targetHints":{"allow":["GET"]}}],"collection":[{"href":"https:\/\/francophone.port.ac.uk\/index.php?rest_route=\/wp\/v2\/posts"}],"about":[{"href":"https:\/\/francophone.port.ac.uk\/index.php?rest_route=\/wp\/v2\/types\/post"}],"author":[{"embeddable":true,"href":"https:\/\/francophone.port.ac.uk\/index.php?rest_route=\/wp\/v2\/users\/15"}],"replies":[{"embeddable":true,"href":"https:\/\/francophone.port.ac.uk\/index.php?rest_route=%2Fwp%2Fv2%2Fcomments&post=3151"}],"version-history":[{"count":1,"href":"https:\/\/francophone.port.ac.uk\/index.php?rest_route=\/wp\/v2\/posts\/3151\/revisions"}],"predecessor-version":[{"id":3152,"href":"https:\/\/francophone.port.ac.uk\/index.php?rest_route=\/wp\/v2\/posts\/3151\/revisions\/3152"}],"wp:attachment":[{"href":"https:\/\/francophone.port.ac.uk\/index.php?rest_route=%2Fwp%2Fv2%2Fmedia&parent=3151"}],"wp:term":[{"taxonomy":"category","embeddable":true,"href":"https:\/\/francophone.port.ac.uk\/index.php?rest_route=%2Fwp%2Fv2%2Fcategories&post=3151"},{"taxonomy":"post_tag","embeddable":true,"href":"https:\/\/francophone.port.ac.uk\/index.php?rest_route=%2Fwp%2Fv2%2Ftags&post=3151"}],"curies":[{"name":"wp","href":"https:\/\/api.w.org\/{rel}","templated":true}]}}