{"id":3170,"date":"2023-05-08T10:52:27","date_gmt":"2023-05-08T09:52:27","guid":{"rendered":"https:\/\/francophone.port.ac.uk\/?p=3170"},"modified":"2023-05-08T10:52:27","modified_gmt":"2023-05-08T09:52:27","slug":"8-may-2023","status":"publish","type":"post","link":"https:\/\/francophone.port.ac.uk\/?p=3170","title":{"rendered":"8 May 2023"},"content":{"rendered":"<p>En Tunisie, l&#8217;opposition au pr\u00e9sident Ka\u00efs Sa\u00efed est d\u00e9sormais musel\u00e9e, <a href=\"https:\/\/www.lesechos.fr\/monde\/afrique-moyen-orient\/en-tunisie-lopposition-au-president-kais-saied-est-desormais-muselee-1935973\">Les Echos<\/a><\/p>\n<p>Retour du Mali au G5 Sahel : Assimi Go\u00efta pose des conditions, <a href=\"https:\/\/www.maliweb.net\/armee\/retour-du-mali-au-g5-sahel-assimi-goita-pose-des-conditions-3021158.html\">Maliweb<\/a><\/p>\n<p>L&#8217;Allemagne confirme le retrait de ses troupes du Mali d&#8217;ici mai 2024, <a href=\"L'Allemagne%20confirme%20le%20retrait%20de%20ses%20troupes%20du%20Mali%20d'ici%20mai%202024\">Le Figaro<\/a><\/p>\n<p>Que fait Wagner en R\u00e9publique Centrafricaine?, <a href=\"https:\/\/histoireetsociete.com\/2023\/04\/20\/que-fait-wagner-en-republique-centrafricaine\/\">Histoire et soci\u00e9t\u00e9<\/a><\/p>\n<p>L\u2019Alg\u00e9rie impact\u00e9e par la s\u00e9cheresse : les explications d\u2019un sp\u00e9cialiste, <a href=\"https:\/\/www.tsa-algerie.com\/lalgerie-impactee-par-la-secheresse-les-explications-dun-specialiste\/\">TSA Alg\u00e9rie<\/a><\/p>\n<p>Alg\u00e9rie : des barons de l\u2019importation dans le collimateur, <a href=\"https:\/\/www.tsa-algerie.com\/algerie-des-barons-de-limportation-dans-le-collimateur\/\">TSA Alg\u00e9rie<\/a><\/p>\n<p>Mali: la junte fixe le r\u00e9f\u00e9rendum sur la Constitution au 18 juin, <a href=\"https:\/\/video.lefigaro.fr\/figaro\/video\/mali-la-junte-fixe-le-referendum-sur-la-constitution-au-18-juin\/\">Le Figaro<\/a><\/p>\n","protected":false},"excerpt":{"rendered":"<p>En Tunisie, l&#8217;opposition au pr\u00e9sident Ka\u00efs Sa\u00efed est d\u00e9sormais musel\u00e9e, Les Echos Retour du Mali au G5 Sahel : Assimi Go\u00efta pose des conditions, Maliweb L&#8217;Allemagne confirme le retrait de ses troupes du Mali d&#8217;ici mai 2024, Le Figaro Que &hellip; <a href=\"https:\/\/francophone.port.ac.uk\/?p=3170\">Continue reading <span class=\"meta-nav\">&rarr;<\/span><\/a><\/p>\n","protected":false},"author":15,"featured_media":0,"comment_status":"open","ping_status":"open","sticky":false,"template":"","format":"standard","meta":{"jetpack_post_was_ever_published":false,"_jetpack_newsletter_access":"","_jetpack_dont_email_post_to_subs":false,"_jetpack_newsletter_tier_id":0,"_jetpack_memberships_contains_paywalled_content":false,"_jetpack_memberships_contains_paid_content":false,"footnotes":""},"categories":[1],"tags":[],"class_list":["post-3170","post","type-post","status-publish","format-standard","hentry","category-uncategorised"],"jetpack_featured_media_url":"","jetpack_sharing_enabled":true,"_links":{"self":[{"href":"https:\/\/francophone.port.ac.uk\/index.php?rest_route=\/wp\/v2\/posts\/3170","targetHints":{"allow":["GET"]}}],"collection":[{"href":"https:\/\/francophone.port.ac.uk\/index.php?rest_route=\/wp\/v2\/posts"}],"about":[{"href":"https:\/\/francophone.port.ac.uk\/index.php?rest_route=\/wp\/v2\/types\/post"}],"author":[{"embeddable":true,"href":"https:\/\/francophone.port.ac.uk\/index.php?rest_route=\/wp\/v2\/users\/15"}],"replies":[{"embeddable":true,"href":"https:\/\/francophone.port.ac.uk\/index.php?rest_route=%2Fwp%2Fv2%2Fcomments&post=3170"}],"version-history":[{"count":1,"href":"https:\/\/francophone.port.ac.uk\/index.php?rest_route=\/wp\/v2\/posts\/3170\/revisions"}],"predecessor-version":[{"id":3171,"href":"https:\/\/francophone.port.ac.uk\/index.php?rest_route=\/wp\/v2\/posts\/3170\/revisions\/3171"}],"wp:attachment":[{"href":"https:\/\/francophone.port.ac.uk\/index.php?rest_route=%2Fwp%2Fv2%2Fmedia&parent=3170"}],"wp:term":[{"taxonomy":"category","embeddable":true,"href":"https:\/\/francophone.port.ac.uk\/index.php?rest_route=%2Fwp%2Fv2%2Fcategories&post=3170"},{"taxonomy":"post_tag","embeddable":true,"href":"https:\/\/francophone.port.ac.uk\/index.php?rest_route=%2Fwp%2Fv2%2Ftags&post=3170"}],"curies":[{"name":"wp","href":"https:\/\/api.w.org\/{rel}","templated":true}]}}