{"id":3204,"date":"2023-10-16T23:33:49","date_gmt":"2023-10-16T22:33:49","guid":{"rendered":"https:\/\/francophone.port.ac.uk\/?p=3204"},"modified":"2023-10-16T23:33:49","modified_gmt":"2023-10-16T22:33:49","slug":"update-16-october-2023","status":"publish","type":"post","link":"https:\/\/francophone.port.ac.uk\/?p=3204","title":{"rendered":"Update 16 October 2023"},"content":{"rendered":"<p>Niger: le d\u00e9part des militaires fran\u00e7ais, un cauchemar logistique et s\u00e9curitaire, <a href=\"https:\/\/information.tv5monde.com\/afrique\/niger-le-depart-des-militaires-francais-un-cauchemar-logistique-et-securitaire-2671138\">TV5 Monde<\/a><\/p>\n<p>Burkina Faso, Mali et Niger signent un pacte de d\u00e9fense : l\u2019Alliance des \u00c9tats du Sahel en qu\u00eate d\u2019autonomie strat\u00e9gique, <a href=\"https:\/\/theconversation.com\/burkina-faso-mali-et-niger-signent-un-pacte-de-defense-lalliance-des-etats-du-sahel-en-quete-dautonomie-strategique-215361\">The Conversation<\/a><\/p>\n<p>Tunisie-Union Europ\u00e9enne: Pour un partenariat pragmatique et gagnant-gagnant, <a href=\"https:\/\/lapresse.tn\/169310\/tunisie-union-europeenne-pour-un-partenariat-pragmatique-et-gagnant-gagnant\/\">La Presse (Tunisie)<\/a><\/p>\n<p>Mali: arriv\u00e9e a\u00e9rienne de soldats et de Wagner \u00e0 Tessalit, le convoi de l\u2019arm\u00e9e a repris sa progression, <a href=\"https:\/\/www.rfi.fr\/fr\/afrique\/20231013-mali-arriv%C3%A9e-a%C3%A9rienne-de-soldats-et-de-wagner-%C3%A0-tessalit-le-convoi-de-l-arm%C3%A9e-a-repris-sa-progression\">RFI<\/a><\/p>\n<p>Nord du Mali: une confrontation dont personne ne sortira vainqueur, <a href=\"https:\/\/www.crisisgroup.org\/fr\/africa\/sahel\/mali\/nord-du-mali-une-confrontation-dont-personne-ne-sortira-vainqueur\">Crisis Group<\/a><\/p>\n<p>Fact Sheet: Attacks on Civilians Spike in Mali as Security Deteriorates Across the Sahel, <a href=\"https:\/\/acleddata.com\/2023\/09\/21\/fact-sheet-attacks-on-civilians-spike-in-mali-as-security-deteriorates-across-the-sahel\/\">ACLED<\/a><\/p>\n","protected":false},"excerpt":{"rendered":"<p>Niger: le d\u00e9part des militaires fran\u00e7ais, un cauchemar logistique et s\u00e9curitaire, TV5 Monde Burkina Faso, Mali et Niger signent un pacte de d\u00e9fense : l\u2019Alliance des \u00c9tats du Sahel en qu\u00eate d\u2019autonomie strat\u00e9gique, The Conversation Tunisie-Union Europ\u00e9enne: Pour un partenariat &hellip; <a href=\"https:\/\/francophone.port.ac.uk\/?p=3204\">Continue reading <span class=\"meta-nav\">&rarr;<\/span><\/a><\/p>\n","protected":false},"author":15,"featured_media":0,"comment_status":"open","ping_status":"open","sticky":false,"template":"","format":"standard","meta":{"jetpack_post_was_ever_published":false,"_jetpack_newsletter_access":"","_jetpack_dont_email_post_to_subs":false,"_jetpack_newsletter_tier_id":0,"_jetpack_memberships_contains_paywalled_content":false,"_jetpack_memberships_contains_paid_content":false,"footnotes":""},"categories":[1],"tags":[],"class_list":["post-3204","post","type-post","status-publish","format-standard","hentry","category-uncategorised"],"jetpack_featured_media_url":"","jetpack_sharing_enabled":true,"_links":{"self":[{"href":"https:\/\/francophone.port.ac.uk\/index.php?rest_route=\/wp\/v2\/posts\/3204","targetHints":{"allow":["GET"]}}],"collection":[{"href":"https:\/\/francophone.port.ac.uk\/index.php?rest_route=\/wp\/v2\/posts"}],"about":[{"href":"https:\/\/francophone.port.ac.uk\/index.php?rest_route=\/wp\/v2\/types\/post"}],"author":[{"embeddable":true,"href":"https:\/\/francophone.port.ac.uk\/index.php?rest_route=\/wp\/v2\/users\/15"}],"replies":[{"embeddable":true,"href":"https:\/\/francophone.port.ac.uk\/index.php?rest_route=%2Fwp%2Fv2%2Fcomments&post=3204"}],"version-history":[{"count":1,"href":"https:\/\/francophone.port.ac.uk\/index.php?rest_route=\/wp\/v2\/posts\/3204\/revisions"}],"predecessor-version":[{"id":3205,"href":"https:\/\/francophone.port.ac.uk\/index.php?rest_route=\/wp\/v2\/posts\/3204\/revisions\/3205"}],"wp:attachment":[{"href":"https:\/\/francophone.port.ac.uk\/index.php?rest_route=%2Fwp%2Fv2%2Fmedia&parent=3204"}],"wp:term":[{"taxonomy":"category","embeddable":true,"href":"https:\/\/francophone.port.ac.uk\/index.php?rest_route=%2Fwp%2Fv2%2Fcategories&post=3204"},{"taxonomy":"post_tag","embeddable":true,"href":"https:\/\/francophone.port.ac.uk\/index.php?rest_route=%2Fwp%2Fv2%2Ftags&post=3204"}],"curies":[{"name":"wp","href":"https:\/\/api.w.org\/{rel}","templated":true}]}}