{"id":3213,"date":"2023-11-27T17:35:16","date_gmt":"2023-11-27T17:35:16","guid":{"rendered":"https:\/\/francophone.port.ac.uk\/?p=3213"},"modified":"2023-11-27T17:35:16","modified_gmt":"2023-11-27T17:35:16","slug":"update-27-november-2023","status":"publish","type":"post","link":"https:\/\/francophone.port.ac.uk\/?p=3213","title":{"rendered":"Update 27 November 2023"},"content":{"rendered":"<p>In Africa, the Legacy of the US War on Terror Is Death and Chaos, <a href=\"https:\/\/jacobin.com\/2023\/11\/pentagon-us-military-war-on-terror-africa-terrorism-global-foreign-policy\">The Jacobin<\/a><\/p>\n<p>Le Rwanda, un nouveau \u00ab gendarme \u00bb africain?, <a href=\"https:\/\/afriquexxi.info\/Le-Rwanda-un-nouveau-gendarme-africain\">Afrique XXI<\/a><\/p>\n<p>Mali: apr\u00e8s la prise de Kidal par les FAMA, la CEDEAO et l\u2019UA ont\u2026, <a href=\"https:\/\/malijet.com\/a_la_une_du_mali\/284490-mali--apres-la-prise-de-kidal-par-les-fama-la-cedeao-et-l%E2%80%99ua-ont.html\">Malijet<\/a><\/p>\n<p>Mali: quelles perspectives apr\u00e8s la prise de Kidal par les forces arm\u00e9es?, <a href=\"https:\/\/www.rfi.fr\/fr\/afrique\/20231115-mali-quelles-perspectives-apr%C3%A8s-la-prise-de-kidal-par-les-forces-arm%C3%A9es\">RFI<\/a><\/p>\n<p>Apr\u00e8s la reprise de Kidal au Mali : 6 d\u00e9fis qui attendent les autorit\u00e9s de Bamako, <a href=\"https:\/\/www.bbc.com\/afrique\/articles\/c4n9eyql9qpo\">BBC<\/a><\/p>\n<p>Niger government asks court to force ECOWAS to lift coup sanctions, <a href=\"https:\/\/www.aljazeera.com\/news\/2023\/11\/22\/niger-asks-west-africas-court-to-compel-neighbors-to-lift-coup-sanctions-citing-hardship\">Al-Jazeera<\/a><\/p>\n<p>\u00ab Mayotte a soif \u00bb, une \u00eele \u00e0 l\u2019\u00e9preuve du mod\u00e8le occidental, <a href=\"https:\/\/afriquexxi.info\/Mayotte-a-soif-une-ile-a-l-epreuve-du-modele-occidental\">Afrique XXI<\/a><\/p>\n","protected":false},"excerpt":{"rendered":"<p>In Africa, the Legacy of the US War on Terror Is Death and Chaos, The Jacobin Le Rwanda, un nouveau \u00ab gendarme \u00bb africain?, Afrique XXI Mali: apr\u00e8s la prise de Kidal par les FAMA, la CEDEAO et l\u2019UA ont\u2026, &hellip; <a href=\"https:\/\/francophone.port.ac.uk\/?p=3213\">Continue reading <span class=\"meta-nav\">&rarr;<\/span><\/a><\/p>\n","protected":false},"author":15,"featured_media":0,"comment_status":"open","ping_status":"open","sticky":false,"template":"","format":"standard","meta":{"jetpack_post_was_ever_published":false,"_jetpack_newsletter_access":"","_jetpack_dont_email_post_to_subs":false,"_jetpack_newsletter_tier_id":0,"_jetpack_memberships_contains_paywalled_content":false,"_jetpack_memberships_contains_paid_content":false,"footnotes":""},"categories":[1],"tags":[],"class_list":["post-3213","post","type-post","status-publish","format-standard","hentry","category-uncategorised"],"jetpack_featured_media_url":"","jetpack_sharing_enabled":true,"_links":{"self":[{"href":"https:\/\/francophone.port.ac.uk\/index.php?rest_route=\/wp\/v2\/posts\/3213","targetHints":{"allow":["GET"]}}],"collection":[{"href":"https:\/\/francophone.port.ac.uk\/index.php?rest_route=\/wp\/v2\/posts"}],"about":[{"href":"https:\/\/francophone.port.ac.uk\/index.php?rest_route=\/wp\/v2\/types\/post"}],"author":[{"embeddable":true,"href":"https:\/\/francophone.port.ac.uk\/index.php?rest_route=\/wp\/v2\/users\/15"}],"replies":[{"embeddable":true,"href":"https:\/\/francophone.port.ac.uk\/index.php?rest_route=%2Fwp%2Fv2%2Fcomments&post=3213"}],"version-history":[{"count":1,"href":"https:\/\/francophone.port.ac.uk\/index.php?rest_route=\/wp\/v2\/posts\/3213\/revisions"}],"predecessor-version":[{"id":3214,"href":"https:\/\/francophone.port.ac.uk\/index.php?rest_route=\/wp\/v2\/posts\/3213\/revisions\/3214"}],"wp:attachment":[{"href":"https:\/\/francophone.port.ac.uk\/index.php?rest_route=%2Fwp%2Fv2%2Fmedia&parent=3213"}],"wp:term":[{"taxonomy":"category","embeddable":true,"href":"https:\/\/francophone.port.ac.uk\/index.php?rest_route=%2Fwp%2Fv2%2Fcategories&post=3213"},{"taxonomy":"post_tag","embeddable":true,"href":"https:\/\/francophone.port.ac.uk\/index.php?rest_route=%2Fwp%2Fv2%2Ftags&post=3213"}],"curies":[{"name":"wp","href":"https:\/\/api.w.org\/{rel}","templated":true}]}}