{"id":3251,"date":"2024-05-14T18:22:52","date_gmt":"2024-05-14T17:22:52","guid":{"rendered":"https:\/\/francophone.port.ac.uk\/?p=3251"},"modified":"2024-05-14T18:22:52","modified_gmt":"2024-05-14T17:22:52","slug":"update-13-may-2024","status":"publish","type":"post","link":"https:\/\/francophone.port.ac.uk\/?p=3251","title":{"rendered":"Update 13 May 2024"},"content":{"rendered":"<p>Defending democracy, the Senegalese way, <a href=\"https:\/\/issafrica.org\/iss-today\/defending-democracy-the-senegalese-way\">ISS Africa<\/a><\/p>\n<p>Au S\u00e9n\u00e9gal, Bassirou Diomaye Faye et l\u2019h\u00e9ritage de Mamadou Dia, <a href=\"https:\/\/afriquexxi.info\/Au-Senegal-Bassirou-Diomaye-Faye-et-l-heritage-de-Mamadou-Dia\">Afrique XXI<\/a><\/p>\n<p>Chad opposition leader Masra files challenge against presidential election result, <a href=\"https:\/\/www.reuters.com\/world\/africa\/chad-opposition-leader-masra-files-challenge-against-presidential-election-2024-05-13\/?\">Reuters<\/a><\/p>\n<p>Crise humanitaire, exactions, r\u00e9fugi\u00e9s\u2026 Entre le Mali et la Mauritanie, une fronti\u00e8re de sable et sous haute tension, <a href=\"https:\/\/www.liberation.fr\/international\/afrique\/crise-humanitaire-exactions-refugies-entre-le-mali-et-la-mauritanie-une-frontiere-de-sable-et-sous-haute-tension-20240513_TEIGAJ2SG5HTBDOBCJLNTFDQKQ\/?\">Lib\u00e9ration<\/a><\/p>\n<p>Mali: HRW d\u00e9nonce les massacres commis par les jihadistes du Jnim et des chasseurs dozos dans un rapport, <a href=\"https:\/\/www.rfi.fr\/fr\/afrique\/20240508-mali-hrw-human-rights-watch-d%C3%A9nonce-massacres-commis-jihadistes-terroristes-jnim-chasseurs-dozos-rapport?\">RFI<\/a><\/p>\n<p>Mali: l&#8217;arm\u00e9e \u00e9limine un chef militaire du groupe \u00c9tat islamique au Sahel, <a href=\"https:\/\/www.rfi.fr\/fr\/afrique\/20240429-mali-l-arm%C3%A9e-%C3%A9limine-un-chef-militaire-du-groupe-%C3%A9tat-islamique-au-sahel?\">RFI<\/a><\/p>\n","protected":false},"excerpt":{"rendered":"<p>Defending democracy, the Senegalese way, ISS Africa Au S\u00e9n\u00e9gal, Bassirou Diomaye Faye et l\u2019h\u00e9ritage de Mamadou Dia, Afrique XXI Chad opposition leader Masra files challenge against presidential election result, Reuters Crise humanitaire, exactions, r\u00e9fugi\u00e9s\u2026 Entre le Mali et la Mauritanie, &hellip; <a href=\"https:\/\/francophone.port.ac.uk\/?p=3251\">Continue reading <span class=\"meta-nav\">&rarr;<\/span><\/a><\/p>\n","protected":false},"author":15,"featured_media":0,"comment_status":"open","ping_status":"open","sticky":false,"template":"","format":"standard","meta":{"jetpack_post_was_ever_published":false,"_jetpack_newsletter_access":"","_jetpack_dont_email_post_to_subs":false,"_jetpack_newsletter_tier_id":0,"_jetpack_memberships_contains_paywalled_content":false,"_jetpack_memberships_contains_paid_content":false,"footnotes":""},"categories":[1],"tags":[],"class_list":["post-3251","post","type-post","status-publish","format-standard","hentry","category-uncategorised"],"jetpack_featured_media_url":"","jetpack_sharing_enabled":true,"_links":{"self":[{"href":"https:\/\/francophone.port.ac.uk\/index.php?rest_route=\/wp\/v2\/posts\/3251","targetHints":{"allow":["GET"]}}],"collection":[{"href":"https:\/\/francophone.port.ac.uk\/index.php?rest_route=\/wp\/v2\/posts"}],"about":[{"href":"https:\/\/francophone.port.ac.uk\/index.php?rest_route=\/wp\/v2\/types\/post"}],"author":[{"embeddable":true,"href":"https:\/\/francophone.port.ac.uk\/index.php?rest_route=\/wp\/v2\/users\/15"}],"replies":[{"embeddable":true,"href":"https:\/\/francophone.port.ac.uk\/index.php?rest_route=%2Fwp%2Fv2%2Fcomments&post=3251"}],"version-history":[{"count":1,"href":"https:\/\/francophone.port.ac.uk\/index.php?rest_route=\/wp\/v2\/posts\/3251\/revisions"}],"predecessor-version":[{"id":3252,"href":"https:\/\/francophone.port.ac.uk\/index.php?rest_route=\/wp\/v2\/posts\/3251\/revisions\/3252"}],"wp:attachment":[{"href":"https:\/\/francophone.port.ac.uk\/index.php?rest_route=%2Fwp%2Fv2%2Fmedia&parent=3251"}],"wp:term":[{"taxonomy":"category","embeddable":true,"href":"https:\/\/francophone.port.ac.uk\/index.php?rest_route=%2Fwp%2Fv2%2Fcategories&post=3251"},{"taxonomy":"post_tag","embeddable":true,"href":"https:\/\/francophone.port.ac.uk\/index.php?rest_route=%2Fwp%2Fv2%2Ftags&post=3251"}],"curies":[{"name":"wp","href":"https:\/\/api.w.org\/{rel}","templated":true}]}}