{"id":3290,"date":"2024-12-19T12:57:11","date_gmt":"2024-12-19T12:57:11","guid":{"rendered":"https:\/\/francophone.port.ac.uk\/?p=3290"},"modified":"2024-12-19T12:57:11","modified_gmt":"2024-12-19T12:57:11","slug":"update-25-november-2024","status":"publish","type":"post","link":"https:\/\/francophone.port.ac.uk\/?p=3290","title":{"rendered":"Update 25 November 2024"},"content":{"rendered":"<p>Quels sont les enseignements majeurs des \u00e9lections l\u00e9gislatives au S\u00e9n\u00e9gal?, <a href=\"https:\/\/www.bbc.com\/afrique\/articles\/c20gd8g4zlzo\">BBC Afrique<\/a><\/p>\n<p>Le S\u00e9n\u00e9gal revendique l\u2019initiative de la fin de l\u2019accord de p\u00eache avec l\u2019Union europ\u00e9enne, <a href=\"https:\/\/www.lemonde.fr\/afrique\/article\/2024\/11\/14\/le-senegal-revendique-l-initiative-de-la-fin-de-l-accord-de-peche-avec-l-union-europeenne_6393464_3212.html\">Le Monde<\/a><\/p>\n<p>A Feud with Burkina Faso has Cote d\u2019Ivoire\u2019s Ouattara on the Back Foot, <a href=\"https:\/\/www.worldpoliticsreview.com\/burkina-faso-cote-divoire-russia\/\">WPR<\/a><\/p>\n<p>La r\u00e9conciliation nationale comme sc\u00e8ne pour la red\u00e9couverte des traumas collectifs et de la m\u00e9moire au Mali, <a href=\"https:\/\/dandurand.uqam.ca\/wp-content\/uploads\/2024\/09\/2024-09-Bulletin-vol.-9-no.-7.pdf\">Bulletin FrancoPaix<\/a><\/p>\n<p>Thiaroye 44: Ce qu&#8217;il faut savoir sur le massacre des tirailleurs s\u00e9n\u00e9galais pendant la Seconde Guerre mondiale, <a href=\"https:\/\/www.bbc.com\/afrique\/articles\/c5yp7j1lql2o\">BBC Afrique<\/a><\/p>\n<p>Afrique, une libert\u00e9 retrouv\u00e9e pour la France, <a href=\"https:\/\/www.revueconflits.com\/afrique-une-liberte-retrouvee-pour-la-france\/\">Conflits<\/a><\/p>\n<p>France alarmed by disappearance of writer in Algeria,<a href=\"https:\/\/www.bbc.co.uk\/news\/articles\/cvgxlz3rm2zo\"> BBC<\/a><\/p>\n","protected":false},"excerpt":{"rendered":"<p>Quels sont les enseignements majeurs des \u00e9lections l\u00e9gislatives au S\u00e9n\u00e9gal?, BBC Afrique Le S\u00e9n\u00e9gal revendique l\u2019initiative de la fin de l\u2019accord de p\u00eache avec l\u2019Union europ\u00e9enne, Le Monde A Feud with Burkina Faso has Cote d\u2019Ivoire\u2019s Ouattara on the Back &hellip; <a href=\"https:\/\/francophone.port.ac.uk\/?p=3290\">Continue reading <span class=\"meta-nav\">&rarr;<\/span><\/a><\/p>\n","protected":false},"author":15,"featured_media":0,"comment_status":"open","ping_status":"open","sticky":false,"template":"","format":"standard","meta":{"jetpack_post_was_ever_published":false,"_jetpack_newsletter_access":"","_jetpack_dont_email_post_to_subs":false,"_jetpack_newsletter_tier_id":0,"_jetpack_memberships_contains_paywalled_content":false,"_jetpack_memberships_contains_paid_content":false,"footnotes":""},"categories":[1],"tags":[],"class_list":["post-3290","post","type-post","status-publish","format-standard","hentry","category-uncategorised"],"jetpack_featured_media_url":"","jetpack_sharing_enabled":true,"_links":{"self":[{"href":"https:\/\/francophone.port.ac.uk\/index.php?rest_route=\/wp\/v2\/posts\/3290","targetHints":{"allow":["GET"]}}],"collection":[{"href":"https:\/\/francophone.port.ac.uk\/index.php?rest_route=\/wp\/v2\/posts"}],"about":[{"href":"https:\/\/francophone.port.ac.uk\/index.php?rest_route=\/wp\/v2\/types\/post"}],"author":[{"embeddable":true,"href":"https:\/\/francophone.port.ac.uk\/index.php?rest_route=\/wp\/v2\/users\/15"}],"replies":[{"embeddable":true,"href":"https:\/\/francophone.port.ac.uk\/index.php?rest_route=%2Fwp%2Fv2%2Fcomments&post=3290"}],"version-history":[{"count":1,"href":"https:\/\/francophone.port.ac.uk\/index.php?rest_route=\/wp\/v2\/posts\/3290\/revisions"}],"predecessor-version":[{"id":3291,"href":"https:\/\/francophone.port.ac.uk\/index.php?rest_route=\/wp\/v2\/posts\/3290\/revisions\/3291"}],"wp:attachment":[{"href":"https:\/\/francophone.port.ac.uk\/index.php?rest_route=%2Fwp%2Fv2%2Fmedia&parent=3290"}],"wp:term":[{"taxonomy":"category","embeddable":true,"href":"https:\/\/francophone.port.ac.uk\/index.php?rest_route=%2Fwp%2Fv2%2Fcategories&post=3290"},{"taxonomy":"post_tag","embeddable":true,"href":"https:\/\/francophone.port.ac.uk\/index.php?rest_route=%2Fwp%2Fv2%2Ftags&post=3290"}],"curies":[{"name":"wp","href":"https:\/\/api.w.org\/{rel}","templated":true}]}}