{"id":3294,"date":"2024-12-23T10:32:11","date_gmt":"2024-12-23T10:32:11","guid":{"rendered":"https:\/\/francophone.port.ac.uk\/?p=3294"},"modified":"2024-12-22T14:33:34","modified_gmt":"2024-12-22T14:33:34","slug":"update-23-december-2024","status":"publish","type":"post","link":"https:\/\/francophone.port.ac.uk\/?p=3294","title":{"rendered":"Update 23 December 2024"},"content":{"rendered":"<p>Sauver les acquis du processus d\u2019inte\u0301gration re\u0301gionale en Afrique de l\u2019Ouest, <a href=\"https:\/\/www.youtube.com\/watch?v=79sG9lCule8\">WATHI Podcast<\/a><\/p>\n<p>A Splinter in the Sahel: Can the Divorce with ECOWAS Be Averted?, <a href=\"https:\/\/www.crisisgroup.org\/africa\/sahel\/burkina-faso-mali-niger\/splinter-sahel-can-divorce-ecowas-be-averted\">ICG<\/a><\/p>\n<p>Retrait fran\u00e7ais du Tchad : un premier contingent de 120 soldats a quitt\u00e9 N\u2019Djamena, annonce le minist\u00e8re des arm\u00e9es tchadien, <a href=\"https:\/\/www.lemonde.fr\/afrique\/article\/2024\/12\/20\/retrait-francais-du-tchad-un-premier-contingent-de-120-soldats-a-quitte-n-djamena_6459532_3212.html\">Le Monde<\/a><\/p>\n<p>\u00abLe retrait des troupes fran\u00e7aises du Tchad est une revendication populaire\u00bb, <a href=\"https:\/\/www.lemonde.fr\/afrique\/article\/2024\/12\/20\/retrait-francais-du-tchad-un-premier-contingent-de-120-soldats-a-quitte-n-djamena_6459532_3212.html\">TchadVision<\/a><\/p>\n<p>Is Francafrique ending? Why Senegal is cutting military ties with France, <a href=\"https:\/\/www.aljazeera.com\/news\/2024\/12\/16\/is-francafrique-ending-why-senegal-is-cutting-military-ties-with-france\">Al-Jazeera<\/a><\/p>\n<p>S\u00e9n\u00e9gal: la fin annonc\u00e9e de la pr\u00e9sence militaire fran\u00e7aise soul\u00e8ve des interrogations, <a href=\"https:\/\/www.rfi.fr\/fr\/afrique\/20241130-s%C3%A9n%C3%A9gal-la-fin-annonc%C3%A9e-de-la-pr%C3%A9sence-militaire-fran%C3%A7aise-soul%C3%A8ve-des-interrogations\">RFI<\/a><\/p>\n<p>France admits colonial &#8216;massacre&#8217;, says Senegal&#8217;s leader, <a href=\"https:\/\/www.bbc.co.uk\/news\/articles\/cvg725vk174o\">BBC<\/a><\/p>\n<p>With a Parliamentary Majority in Hand, Now Senegal\u2019s Faye Must Deliver, <a href=\"https:\/\/www.worldpoliticsreview.com\/senegal-faye-sonko-elections\/\">WPR<\/a><\/p>\n<p>Tout comprendre des enjeux de la visite d\u2019\u00c9tat du pr\u00e9sident du Nigeria Bola Tinubu en France, <a href=\"https:\/\/www.humanite.fr\/monde\/emmanuel-macron\/tout-comprendre-des-enjeux-de-la-visite-detat-du-president-du-nigeria-bola-tinubu-en-france\">L\u2019Humanit\u00e9<\/a><\/p>\n<p>Nigerian president in Paris as France pivots towards anglophone Africa,<a href=\"https:\/\/www.rfi.fr\/en\/france\/20241128-nigeria-s-president-in-paris-as-france-continues-shift-towards-anglophone-africa\"> RFI<\/a><\/p>\n<p>A Course Correction for Mali\u2019s Sovereign Turn, <a href=\"https:\/\/www.crisisgroup.org\/en\/africa\/sahel\/mali\/315-le-tournant-souverainiste-au-mali-ajuster-la-trajectoire\">ICG<\/a><\/p>\n<p>Staying engaged as Team Europe in fragile settings, <a href=\"https:\/\/ettg.eu\/2024\/12\/04\/team-europe-fragile-settings\/\">ETTG<\/a><\/p>\n","protected":false},"excerpt":{"rendered":"<p>Sauver les acquis du processus d\u2019inte\u0301gration re\u0301gionale en Afrique de l\u2019Ouest, WATHI Podcast A Splinter in the Sahel: Can the Divorce with ECOWAS Be Averted?, ICG Retrait fran\u00e7ais du Tchad : un premier contingent de 120 soldats a quitt\u00e9 N\u2019Djamena, &hellip; <a href=\"https:\/\/francophone.port.ac.uk\/?p=3294\">Continue reading <span class=\"meta-nav\">&rarr;<\/span><\/a><\/p>\n","protected":false},"author":15,"featured_media":0,"comment_status":"open","ping_status":"open","sticky":false,"template":"","format":"standard","meta":{"jetpack_post_was_ever_published":false,"_jetpack_newsletter_access":"","_jetpack_dont_email_post_to_subs":false,"_jetpack_newsletter_tier_id":0,"_jetpack_memberships_contains_paywalled_content":false,"_jetpack_memberships_contains_paid_content":false,"footnotes":""},"categories":[1],"tags":[],"class_list":["post-3294","post","type-post","status-publish","format-standard","hentry","category-uncategorised"],"jetpack_featured_media_url":"","jetpack_sharing_enabled":true,"_links":{"self":[{"href":"https:\/\/francophone.port.ac.uk\/index.php?rest_route=\/wp\/v2\/posts\/3294","targetHints":{"allow":["GET"]}}],"collection":[{"href":"https:\/\/francophone.port.ac.uk\/index.php?rest_route=\/wp\/v2\/posts"}],"about":[{"href":"https:\/\/francophone.port.ac.uk\/index.php?rest_route=\/wp\/v2\/types\/post"}],"author":[{"embeddable":true,"href":"https:\/\/francophone.port.ac.uk\/index.php?rest_route=\/wp\/v2\/users\/15"}],"replies":[{"embeddable":true,"href":"https:\/\/francophone.port.ac.uk\/index.php?rest_route=%2Fwp%2Fv2%2Fcomments&post=3294"}],"version-history":[{"count":1,"href":"https:\/\/francophone.port.ac.uk\/index.php?rest_route=\/wp\/v2\/posts\/3294\/revisions"}],"predecessor-version":[{"id":3295,"href":"https:\/\/francophone.port.ac.uk\/index.php?rest_route=\/wp\/v2\/posts\/3294\/revisions\/3295"}],"wp:attachment":[{"href":"https:\/\/francophone.port.ac.uk\/index.php?rest_route=%2Fwp%2Fv2%2Fmedia&parent=3294"}],"wp:term":[{"taxonomy":"category","embeddable":true,"href":"https:\/\/francophone.port.ac.uk\/index.php?rest_route=%2Fwp%2Fv2%2Fcategories&post=3294"},{"taxonomy":"post_tag","embeddable":true,"href":"https:\/\/francophone.port.ac.uk\/index.php?rest_route=%2Fwp%2Fv2%2Ftags&post=3294"}],"curies":[{"name":"wp","href":"https:\/\/api.w.org\/{rel}","templated":true}]}}