{"id":3308,"date":"2025-02-03T12:04:41","date_gmt":"2025-02-03T12:04:41","guid":{"rendered":"https:\/\/francophone.port.ac.uk\/?p=3308"},"modified":"2025-02-03T12:04:41","modified_gmt":"2025-02-03T12:04:41","slug":"update-3-february-2025","status":"publish","type":"post","link":"https:\/\/francophone.port.ac.uk\/?p=3308","title":{"rendered":"Update 3 February 2025"},"content":{"rendered":"<p>Mali. L\u2019\u00c9tat rompt avec l\u2019ordre lib\u00e9ral dans les mines industrielles, <a href=\"https:\/\/afriquexxi.info\/Mali-l-Etat-rompt-avec-l-ordre-liberal-dans-les-mines-industrielles\">Afrique XXI<\/a><\/p>\n<p>En Afrique, le gendarme est (presque) nu, <a href=\"https:\/\/www.monde-diplomatique.fr\/2025\/01\/CARAYOL\/67943\">Le Monde Diplomatique<\/a><\/p>\n<p>France turns over final Sahel military base amid forced withdrawal from Chad, <a href=\"https:\/\/www.courthousenews.com\/france-turns-over-final-sahel-military-base-amid-forced-withdrawal-from-chad\/\">Courthouse News<\/a><\/p>\n<p>Burkina Faso : A new government to tackle insecurity and terrorism, <a href=\"https:\/\/timbuktu-institute.org\/index.php\/toutes-l-actualites\/item\/1117-burkina-faso-a-new-government-to-tackle-insecurity-and-terrorism\">Timbuktu Institute<\/a><\/p>\n<p>Anti France Revolt: Francophone Countries Cutting Ties with France, <a href=\"https:\/\/www.youtube.com\/watch?v=BYRwKRE0w3k\">Conflict and development in Africa podcast<\/a><\/p>\n<p>Rupture entre les pays de l\u2019AES et la Cedeao: et maintenant?, <a href=\"https:\/\/www.lepoint.fr\/afrique\/rupture-entre-les-pays-de-l-aes-et-la-cedeao-et-maintenant-29-01-2025-2581127_3826.php#11\">Le Point<\/a><\/p>\n<p>Guerre informationnelle au Sahel: Qu\u2019en pensent les Sah\u00e9liens ?, W\u00e9binaire, 6 f\u00e9vrier, Timbuktu Institute (contact pour s\u2019inscrire: <a href=\"mailto:contact@timbuktu-institute.org\">contact@timbuktu-institute.org<\/a><\/p>\n","protected":false},"excerpt":{"rendered":"<p>Mali. L\u2019\u00c9tat rompt avec l\u2019ordre lib\u00e9ral dans les mines industrielles, Afrique XXI En Afrique, le gendarme est (presque) nu, Le Monde Diplomatique France turns over final Sahel military base amid forced withdrawal from Chad, Courthouse News Burkina Faso : A &hellip; <a href=\"https:\/\/francophone.port.ac.uk\/?p=3308\">Continue reading <span class=\"meta-nav\">&rarr;<\/span><\/a><\/p>\n","protected":false},"author":15,"featured_media":0,"comment_status":"open","ping_status":"open","sticky":false,"template":"","format":"standard","meta":{"jetpack_post_was_ever_published":false,"_jetpack_newsletter_access":"","_jetpack_dont_email_post_to_subs":false,"_jetpack_newsletter_tier_id":0,"_jetpack_memberships_contains_paywalled_content":false,"_jetpack_memberships_contains_paid_content":false,"footnotes":""},"categories":[1],"tags":[],"class_list":["post-3308","post","type-post","status-publish","format-standard","hentry","category-uncategorised"],"jetpack_featured_media_url":"","jetpack_sharing_enabled":true,"_links":{"self":[{"href":"https:\/\/francophone.port.ac.uk\/index.php?rest_route=\/wp\/v2\/posts\/3308","targetHints":{"allow":["GET"]}}],"collection":[{"href":"https:\/\/francophone.port.ac.uk\/index.php?rest_route=\/wp\/v2\/posts"}],"about":[{"href":"https:\/\/francophone.port.ac.uk\/index.php?rest_route=\/wp\/v2\/types\/post"}],"author":[{"embeddable":true,"href":"https:\/\/francophone.port.ac.uk\/index.php?rest_route=\/wp\/v2\/users\/15"}],"replies":[{"embeddable":true,"href":"https:\/\/francophone.port.ac.uk\/index.php?rest_route=%2Fwp%2Fv2%2Fcomments&post=3308"}],"version-history":[{"count":1,"href":"https:\/\/francophone.port.ac.uk\/index.php?rest_route=\/wp\/v2\/posts\/3308\/revisions"}],"predecessor-version":[{"id":3309,"href":"https:\/\/francophone.port.ac.uk\/index.php?rest_route=\/wp\/v2\/posts\/3308\/revisions\/3309"}],"wp:attachment":[{"href":"https:\/\/francophone.port.ac.uk\/index.php?rest_route=%2Fwp%2Fv2%2Fmedia&parent=3308"}],"wp:term":[{"taxonomy":"category","embeddable":true,"href":"https:\/\/francophone.port.ac.uk\/index.php?rest_route=%2Fwp%2Fv2%2Fcategories&post=3308"},{"taxonomy":"post_tag","embeddable":true,"href":"https:\/\/francophone.port.ac.uk\/index.php?rest_route=%2Fwp%2Fv2%2Ftags&post=3308"}],"curies":[{"name":"wp","href":"https:\/\/api.w.org\/{rel}","templated":true}]}}