{"id":3363,"date":"2025-10-06T14:18:36","date_gmt":"2025-10-06T13:18:36","guid":{"rendered":"https:\/\/francophone.port.ac.uk\/?p=3363"},"modified":"2025-10-06T17:13:10","modified_gmt":"2025-10-06T16:13:10","slug":"update-6-october-2025","status":"publish","type":"post","link":"https:\/\/francophone.port.ac.uk\/?p=3363","title":{"rendered":"Update 6 October 2025"},"content":{"rendered":"<p>Justice internationale: Les \u00c9tats de l\u2019AES se retirent de la CPI, <a href=\"https:\/\/nigerinter.com\/2025\/10\/04\/justice-internationale-les-etats-de-laes-se-retirent-de-la-cpi\/\">Niger Inter<\/a><\/p>\n<p>Le Burkina Faso, le Mali et le Niger annoncent se retirer de la Cour p\u00e9nale internationale, <a href=\"https:\/\/www.france24.com\/fr\/afrique\/20250922-sahel-burkina-faso-mali-niger-retirent-cour-p%C3%A9nale-internationale-juntes-militaires-souverainiste-repression-cpi\">France24<\/a><\/p>\n<p>Justice: Les pays de l\u2019AES quittent la CPI, <a href=\"https:\/\/lanouvelletribune.info\/2025\/09\/justice-les-pays-de-laes-quittent-la-cpi\/\">La Nouvelle Tribune<\/a><\/p>\n<p>Niger: comment les Touaregs ont trouv\u00e9 le chemin du dialogue avec l\u2019\u00c9tat, <a href=\"https:\/\/theconversation.com\/niger-comment-les-touaregs-ont-trouve-le-chemin-du-dialogue-avec-letat-265640\">The Conversation<\/a><\/p>\n<p>La polycrise au Sahel: observations, perspectives et actions, <a href=\"https:\/\/www.tandfonline.com\/doi\/full\/10.1080\/00083968.2025.2473330#abstract\">Canadian Journal of African Studies<\/a><\/p>\n<p>Offensive JNIM \u00e0 Kayes : \u00ab Au-del\u00e0 du s\u00e9curitaire, le S\u00e9n\u00e9gal devra renforcer la r\u00e9silience dans les r\u00e9gions Est\u00bb, <a href=\"https:\/\/timbuktu-institute.org\/index.php\/toutes-l-actualites\/item\/1270-offensive-jnim-a-kayes-au-dela-du-securitaire-le-senegal-devra-renforcer-la-resilience-dans-les-regions-est-bakary-sambe\">Timbuktu Institute<\/a><\/p>\n","protected":false},"excerpt":{"rendered":"<p>Justice internationale: Les \u00c9tats de l\u2019AES se retirent de la CPI, Niger Inter Le Burkina Faso, le Mali et le Niger annoncent se retirer de la Cour p\u00e9nale internationale, France24 Justice: Les pays de l\u2019AES quittent la CPI, La Nouvelle &hellip; <a href=\"https:\/\/francophone.port.ac.uk\/?p=3363\">Continue reading <span class=\"meta-nav\">&rarr;<\/span><\/a><\/p>\n","protected":false},"author":15,"featured_media":0,"comment_status":"open","ping_status":"open","sticky":false,"template":"","format":"standard","meta":{"jetpack_post_was_ever_published":false,"_jetpack_newsletter_access":"","_jetpack_dont_email_post_to_subs":false,"_jetpack_newsletter_tier_id":0,"_jetpack_memberships_contains_paywalled_content":false,"_jetpack_memberships_contains_paid_content":false,"footnotes":""},"categories":[1],"tags":[],"class_list":["post-3363","post","type-post","status-publish","format-standard","hentry","category-uncategorised"],"jetpack_featured_media_url":"","jetpack_sharing_enabled":true,"_links":{"self":[{"href":"https:\/\/francophone.port.ac.uk\/index.php?rest_route=\/wp\/v2\/posts\/3363","targetHints":{"allow":["GET"]}}],"collection":[{"href":"https:\/\/francophone.port.ac.uk\/index.php?rest_route=\/wp\/v2\/posts"}],"about":[{"href":"https:\/\/francophone.port.ac.uk\/index.php?rest_route=\/wp\/v2\/types\/post"}],"author":[{"embeddable":true,"href":"https:\/\/francophone.port.ac.uk\/index.php?rest_route=\/wp\/v2\/users\/15"}],"replies":[{"embeddable":true,"href":"https:\/\/francophone.port.ac.uk\/index.php?rest_route=%2Fwp%2Fv2%2Fcomments&post=3363"}],"version-history":[{"count":4,"href":"https:\/\/francophone.port.ac.uk\/index.php?rest_route=\/wp\/v2\/posts\/3363\/revisions"}],"predecessor-version":[{"id":3367,"href":"https:\/\/francophone.port.ac.uk\/index.php?rest_route=\/wp\/v2\/posts\/3363\/revisions\/3367"}],"wp:attachment":[{"href":"https:\/\/francophone.port.ac.uk\/index.php?rest_route=%2Fwp%2Fv2%2Fmedia&parent=3363"}],"wp:term":[{"taxonomy":"category","embeddable":true,"href":"https:\/\/francophone.port.ac.uk\/index.php?rest_route=%2Fwp%2Fv2%2Fcategories&post=3363"},{"taxonomy":"post_tag","embeddable":true,"href":"https:\/\/francophone.port.ac.uk\/index.php?rest_route=%2Fwp%2Fv2%2Ftags&post=3363"}],"curies":[{"name":"wp","href":"https:\/\/api.w.org\/{rel}","templated":true}]}}